{"id":7227,"date":"2023-10-15T19:24:19","date_gmt":"2023-10-15T17:24:19","guid":{"rendered":"https:\/\/agora.xtec.cat\/zer-pedrera\/?p=7227"},"modified":"2023-10-15T19:24:19","modified_gmt":"2023-10-15T17:24:19","slug":"ei-de-lescola-abat-ruera-la-tardor-2","status":"publish","type":"post","link":"https:\/\/agora.xtec.cat\/zer-pedrera\/general\/ei-de-lescola-abat-ruera-la-tardor-2\/","title":{"rendered":"EI de l&#8217;escola Abat Ruera. La tardor"},"content":{"rendered":"<p>Ja estem a la tardor!!! Despr\u00e9s d&#8217;observar l&#8217;entorn m\u00e9s pr\u00f2xim, l&#8217;alumnat d&#8217;Educaci\u00f3 Infantil ha plasmat en fitxes\u00a0l&#8217;apr\u00e8s. Pintar amb els dits un ra\u00efm o decorar amb paperets una castanya han estat algunes de les moltes fitxes que han fet els alumnes m\u00e9s\u00a0<span class=\"hiddenSpellError\">petitonets<\/span>\u00a0de l&#8217;escola.<br \/>\nPer veure m\u00e9s fotografies clicar damunt de la imatge.<\/p>\n<p style=\"text-align: center;\"><a href=\"https:\/\/photos.app.goo.gl\/mWV4M9LQxmVXVHGcA\" target=\"_blank\" rel=\"noopener\"><img loading=\"lazy\" decoding=\"async\" class=\"alignnone size-large wp-image-7228\" src=\"https:\/\/agora.xtec.cat\/zer-pedrera\/wp-content\/uploads\/usu1473\/2023\/10\/1697041203842-343x1024.jpeg\" alt=\"\" width=\"343\" height=\"1024\" srcset=\"https:\/\/agora.xtec.cat\/zer-pedrera\/wp-content\/uploads\/usu1473\/2023\/10\/1697041203842-343x1024.jpeg 343w, https:\/\/agora.xtec.cat\/zer-pedrera\/wp-content\/uploads\/usu1473\/2023\/10\/1697041203842-100x300.jpeg 100w, https:\/\/agora.xtec.cat\/zer-pedrera\/wp-content\/uploads\/usu1473\/2023\/10\/1697041203842-768x2293.jpeg 768w, https:\/\/agora.xtec.cat\/zer-pedrera\/wp-content\/uploads\/usu1473\/2023\/10\/1697041203842-514x1536.jpeg 514w, https:\/\/agora.xtec.cat\/zer-pedrera\/wp-content\/uploads\/usu1473\/2023\/10\/1697041203842-686x2048.jpeg 686w, https:\/\/agora.xtec.cat\/zer-pedrera\/wp-content\/uploads\/usu1473\/2023\/10\/1697041203842-scaled.jpeg 857w\" sizes=\"auto, (max-width: 343px) 100vw, 343px\" \/><\/a><\/p>\n","protected":false},"excerpt":{"rendered":"<p>Ja estem a la tardor!!! Despr\u00e9s d&#8217;observar l&#8217;entorn m\u00e9s pr\u00f2xim, l&#8217;alumnat d&#8217;Educaci\u00f3 Infantil ha plasmat en fitxes\u00a0l&#8217;apr\u00e8s. Pintar amb els dits un ra\u00efm o decorar amb paperets una castanya han estat algunes de les moltes fitxes que han fet els alumnes m\u00e9s\u00a0petitonets\u00a0de l&#8217;escola.<br \/>\nPer veure m\u00e9s&hellip;  <a href=\"https:\/\/agora.xtec.cat\/zer-pedrera\/general\/ei-de-lescola-abat-ruera-la-tardor-2\/\" title=\"Read EI de l&#8217;escola Abat Ruera. La tardor\">Llegeix m\u00e9s\u00bb<\/a><\/p>\n","protected":false},"author":1,"featured_media":7228,"comment_status":"open","ping_status":"closed","sticky":false,"template":"","format":"standard","meta":{"_bbp_topic_count":0,"_bbp_reply_count":0,"_bbp_total_topic_count":0,"_bbp_total_reply_count":0,"_bbp_voice_count":0,"_bbp_anonymous_reply_count":0,"_bbp_topic_count_hidden":0,"_bbp_reply_count_hidden":0,"_bbp_forum_subforum_count":0,"footnotes":""},"categories":[113,110,1,116,119,29],"tags":[],"class_list":["post-7227","post","type-post","status-publish","format-standard","has-post-thumbnail","hentry","category-e-infantil","category-escola-abat-ruera","category-general","category-medi","category-plastica","category-portada"],"post_mailing_queue_ids":[],"_links":{"self":[{"href":"https:\/\/agora.xtec.cat\/zer-pedrera\/wp-json\/wp\/v2\/posts\/7227","targetHints":{"allow":["GET"]}}],"collection":[{"href":"https:\/\/agora.xtec.cat\/zer-pedrera\/wp-json\/wp\/v2\/posts"}],"about":[{"href":"https:\/\/agora.xtec.cat\/zer-pedrera\/wp-json\/wp\/v2\/types\/post"}],"author":[{"embeddable":true,"href":"https:\/\/agora.xtec.cat\/zer-pedrera\/wp-json\/wp\/v2\/users\/1"}],"replies":[{"embeddable":true,"href":"https:\/\/agora.xtec.cat\/zer-pedrera\/wp-json\/wp\/v2\/comments?post=7227"}],"version-history":[{"count":1,"href":"https:\/\/agora.xtec.cat\/zer-pedrera\/wp-json\/wp\/v2\/posts\/7227\/revisions"}],"predecessor-version":[{"id":7229,"href":"https:\/\/agora.xtec.cat\/zer-pedrera\/wp-json\/wp\/v2\/posts\/7227\/revisions\/7229"}],"wp:featuredmedia":[{"embeddable":true,"href":"https:\/\/agora.xtec.cat\/zer-pedrera\/wp-json\/wp\/v2\/media\/7228"}],"wp:attachment":[{"href":"https:\/\/agora.xtec.cat\/zer-pedrera\/wp-json\/wp\/v2\/media?parent=7227"}],"wp:term":[{"taxonomy":"category","embeddable":true,"href":"https:\/\/agora.xtec.cat\/zer-pedrera\/wp-json\/wp\/v2\/categories?post=7227"},{"taxonomy":"post_tag","embeddable":true,"href":"https:\/\/agora.xtec.cat\/zer-pedrera\/wp-json\/wp\/v2\/tags?post=7227"}],"curies":[{"name":"wp","href":"https:\/\/api.w.org\/{rel}","templated":true}]}}