{"id":7213,"date":"2023-10-15T18:54:34","date_gmt":"2023-10-15T16:54:34","guid":{"rendered":"https:\/\/agora.xtec.cat\/zer-pedrera\/?p=7213"},"modified":"2023-10-15T18:54:34","modified_gmt":"2023-10-15T16:54:34","slug":"ci-de-lescola-abat-ruera-treballem-la-numeracio","status":"publish","type":"post","link":"https:\/\/agora.xtec.cat\/zer-pedrera\/general\/ci-de-lescola-abat-ruera-treballem-la-numeracio\/","title":{"rendered":"CI de l&#8217;escola Abat Ruera. Treballem la numeraci\u00f3"},"content":{"rendered":"<p>L&#8217;alumnat de Cicle Inicial tenen moltes sessions on els conceptes matem\u00e0tics es treballen de forma m\u00e9s experimental, partint del joc com a punt d&#8217;aprenentatge. Aquesta setmana l&#8217;alumnat de 1r i 2n han fet exercicis de numeraci\u00f3 utilitzant peces. Han sumat i restat mentalment i el resultat l&#8217;han pogut comprovar\u00a0fent servir\u00a0les peces proporcionades.<br \/>\nS&#8217;ho han passat d&#8217;all\u00f2 m\u00e9s b\u00e9!!<\/p>\n<p><a href=\"https:\/\/agora.xtec.cat\/zer-pedrera\/wp-content\/uploads\/usu1473\/2023\/10\/1695325875450-1-scaled.jpeg\"><img loading=\"lazy\" decoding=\"async\" class=\"alignnone size-large wp-image-7216\" src=\"https:\/\/agora.xtec.cat\/zer-pedrera\/wp-content\/uploads\/usu1473\/2023\/10\/1695325875450-1-1024x576.jpeg\" alt=\"\" width=\"1024\" height=\"576\" srcset=\"https:\/\/agora.xtec.cat\/zer-pedrera\/wp-content\/uploads\/usu1473\/2023\/10\/1695325875450-1-1024x576.jpeg 1024w, https:\/\/agora.xtec.cat\/zer-pedrera\/wp-content\/uploads\/usu1473\/2023\/10\/1695325875450-1-300x169.jpeg 300w, https:\/\/agora.xtec.cat\/zer-pedrera\/wp-content\/uploads\/usu1473\/2023\/10\/1695325875450-1-768x432.jpeg 768w, https:\/\/agora.xtec.cat\/zer-pedrera\/wp-content\/uploads\/usu1473\/2023\/10\/1695325875450-1-1536x864.jpeg 1536w, https:\/\/agora.xtec.cat\/zer-pedrera\/wp-content\/uploads\/usu1473\/2023\/10\/1695325875450-1-2048x1152.jpeg 2048w\" sizes=\"auto, (max-width: 1024px) 100vw, 1024px\" \/><\/a><\/p>\n","protected":false},"excerpt":{"rendered":"<p>L&#8217;alumnat de Cicle Inicial tenen moltes sessions on els conceptes matem\u00e0tics es treballen de forma m\u00e9s experimental, partint del joc com a punt d&#8217;aprenentatge. Aquesta setmana l&#8217;alumnat de 1r i 2n han fet exercicis de numeraci\u00f3 utilitzant peces. Han sumat i restat mentalment i el&hellip;  <a href=\"https:\/\/agora.xtec.cat\/zer-pedrera\/general\/ci-de-lescola-abat-ruera-treballem-la-numeracio\/\" title=\"Read CI de l&#8217;escola Abat Ruera. Treballem la numeraci\u00f3\">Llegeix m\u00e9s\u00bb<\/a><\/p>\n","protected":false},"author":1,"featured_media":7216,"comment_status":"open","ping_status":"closed","sticky":false,"template":"","format":"standard","meta":{"_bbp_topic_count":0,"_bbp_reply_count":0,"_bbp_total_topic_count":0,"_bbp_total_reply_count":0,"_bbp_voice_count":0,"_bbp_anonymous_reply_count":0,"_bbp_topic_count_hidden":0,"_bbp_reply_count_hidden":0,"_bbp_forum_subforum_count":0,"footnotes":""},"categories":[110,1,126,29,89],"tags":[],"class_list":["post-7213","post","type-post","status-publish","format-standard","has-post-thumbnail","hentry","category-escola-abat-ruera","category-general","category-matematiques","category-portada","category-primaria"],"post_mailing_queue_ids":[],"_links":{"self":[{"href":"https:\/\/agora.xtec.cat\/zer-pedrera\/wp-json\/wp\/v2\/posts\/7213","targetHints":{"allow":["GET"]}}],"collection":[{"href":"https:\/\/agora.xtec.cat\/zer-pedrera\/wp-json\/wp\/v2\/posts"}],"about":[{"href":"https:\/\/agora.xtec.cat\/zer-pedrera\/wp-json\/wp\/v2\/types\/post"}],"author":[{"embeddable":true,"href":"https:\/\/agora.xtec.cat\/zer-pedrera\/wp-json\/wp\/v2\/users\/1"}],"replies":[{"embeddable":true,"href":"https:\/\/agora.xtec.cat\/zer-pedrera\/wp-json\/wp\/v2\/comments?post=7213"}],"version-history":[{"count":3,"href":"https:\/\/agora.xtec.cat\/zer-pedrera\/wp-json\/wp\/v2\/posts\/7213\/revisions"}],"predecessor-version":[{"id":7223,"href":"https:\/\/agora.xtec.cat\/zer-pedrera\/wp-json\/wp\/v2\/posts\/7213\/revisions\/7223"}],"wp:featuredmedia":[{"embeddable":true,"href":"https:\/\/agora.xtec.cat\/zer-pedrera\/wp-json\/wp\/v2\/media\/7216"}],"wp:attachment":[{"href":"https:\/\/agora.xtec.cat\/zer-pedrera\/wp-json\/wp\/v2\/media?parent=7213"}],"wp:term":[{"taxonomy":"category","embeddable":true,"href":"https:\/\/agora.xtec.cat\/zer-pedrera\/wp-json\/wp\/v2\/categories?post=7213"},{"taxonomy":"post_tag","embeddable":true,"href":"https:\/\/agora.xtec.cat\/zer-pedrera\/wp-json\/wp\/v2\/tags?post=7213"}],"curies":[{"name":"wp","href":"https:\/\/api.w.org\/{rel}","templated":true}]}}