{"id":7194,"date":"2023-09-29T14:58:47","date_gmt":"2023-09-29T12:58:47","guid":{"rendered":"https:\/\/agora.xtec.cat\/zer-pedrera\/?p=7194"},"modified":"2023-09-29T14:58:47","modified_gmt":"2023-09-29T12:58:47","slug":"ci-de-lescola-abat-ruera-el-corro-de-la-patata","status":"publish","type":"post","link":"https:\/\/agora.xtec.cat\/zer-pedrera\/general\/ci-de-lescola-abat-ruera-el-corro-de-la-patata\/","title":{"rendered":"CI de l&#8217;escola Abat Ruera. El corro de la patata"},"content":{"rendered":"<p>El treball del llenguatge oral \u00e9s molt important per a l&#8217;adquisici\u00f3 d&#8217;un idioma. A Cicle Inicial aquest \u00e0mbit es treballa a partir de jocs, can\u00e7ons i contes. Aquesta setmana l&#8217;alumnat han apr\u00e8s a cantar i ballar una can\u00e7\u00f3 molt coneguda: &#8220;El\u00a0<span class=\"hiddenGrammarError\">corro<\/span>\u00a0de la patata&#8221;.<br \/>\nA la classe ens ho hem passat molt b\u00e9 cantant i ballant aquest joc de pati.<\/p>\n<p style=\"text-align: center;\"><a href=\"https:\/\/agora.xtec.cat\/zer-pedrera\/wp-content\/uploads\/usu1473\/2023\/09\/al_corro_patata_cancion.jpg\"><img loading=\"lazy\" decoding=\"async\" class=\"alignnone size-full wp-image-7196\" src=\"https:\/\/agora.xtec.cat\/zer-pedrera\/wp-content\/uploads\/usu1473\/2023\/09\/al_corro_patata_cancion.jpg\" alt=\"\" width=\"460\" height=\"210\" srcset=\"https:\/\/agora.xtec.cat\/zer-pedrera\/wp-content\/uploads\/usu1473\/2023\/09\/al_corro_patata_cancion.jpg 460w, https:\/\/agora.xtec.cat\/zer-pedrera\/wp-content\/uploads\/usu1473\/2023\/09\/al_corro_patata_cancion-300x137.jpg 300w\" sizes=\"auto, (max-width: 460px) 100vw, 460px\" \/><\/a><\/p>\n","protected":false},"excerpt":{"rendered":"<p>El treball del llenguatge oral \u00e9s molt important per a l&#8217;adquisici\u00f3 d&#8217;un idioma. A Cicle Inicial aquest \u00e0mbit es treballa a partir de jocs, can\u00e7ons i contes. Aquesta setmana l&#8217;alumnat han apr\u00e8s a cantar i ballar una can\u00e7\u00f3 molt coneguda: &#8220;El\u00a0corro\u00a0de la patata&#8221;.<br \/>\nA la classe&hellip;  <a href=\"https:\/\/agora.xtec.cat\/zer-pedrera\/general\/ci-de-lescola-abat-ruera-el-corro-de-la-patata\/\" title=\"Read CI de l&#8217;escola Abat Ruera. El corro de la patata\">Llegeix m\u00e9s\u00bb<\/a><\/p>\n","protected":false},"author":1,"featured_media":7196,"comment_status":"open","ping_status":"closed","sticky":false,"template":"","format":"standard","meta":{"_bbp_topic_count":0,"_bbp_reply_count":0,"_bbp_total_topic_count":0,"_bbp_total_reply_count":0,"_bbp_voice_count":0,"_bbp_anonymous_reply_count":0,"_bbp_topic_count_hidden":0,"_bbp_reply_count_hidden":0,"_bbp_forum_subforum_count":0,"footnotes":""},"categories":[124,110,1,29,89],"tags":[],"class_list":["post-7194","post","type-post","status-publish","format-standard","has-post-thumbnail","hentry","category-castella","category-escola-abat-ruera","category-general","category-portada","category-primaria"],"post_mailing_queue_ids":[],"_links":{"self":[{"href":"https:\/\/agora.xtec.cat\/zer-pedrera\/wp-json\/wp\/v2\/posts\/7194","targetHints":{"allow":["GET"]}}],"collection":[{"href":"https:\/\/agora.xtec.cat\/zer-pedrera\/wp-json\/wp\/v2\/posts"}],"about":[{"href":"https:\/\/agora.xtec.cat\/zer-pedrera\/wp-json\/wp\/v2\/types\/post"}],"author":[{"embeddable":true,"href":"https:\/\/agora.xtec.cat\/zer-pedrera\/wp-json\/wp\/v2\/users\/1"}],"replies":[{"embeddable":true,"href":"https:\/\/agora.xtec.cat\/zer-pedrera\/wp-json\/wp\/v2\/comments?post=7194"}],"version-history":[{"count":2,"href":"https:\/\/agora.xtec.cat\/zer-pedrera\/wp-json\/wp\/v2\/posts\/7194\/revisions"}],"predecessor-version":[{"id":7197,"href":"https:\/\/agora.xtec.cat\/zer-pedrera\/wp-json\/wp\/v2\/posts\/7194\/revisions\/7197"}],"wp:featuredmedia":[{"embeddable":true,"href":"https:\/\/agora.xtec.cat\/zer-pedrera\/wp-json\/wp\/v2\/media\/7196"}],"wp:attachment":[{"href":"https:\/\/agora.xtec.cat\/zer-pedrera\/wp-json\/wp\/v2\/media?parent=7194"}],"wp:term":[{"taxonomy":"category","embeddable":true,"href":"https:\/\/agora.xtec.cat\/zer-pedrera\/wp-json\/wp\/v2\/categories?post=7194"},{"taxonomy":"post_tag","embeddable":true,"href":"https:\/\/agora.xtec.cat\/zer-pedrera\/wp-json\/wp\/v2\/tags?post=7194"}],"curies":[{"name":"wp","href":"https:\/\/api.w.org\/{rel}","templated":true}]}}