{"id":7187,"date":"2023-09-29T15:10:17","date_gmt":"2023-09-29T13:10:17","guid":{"rendered":"https:\/\/agora.xtec.cat\/zer-pedrera\/?p=7187"},"modified":"2023-09-29T15:10:17","modified_gmt":"2023-09-29T13:10:17","slug":"ei-de-lescola-abat-ruera-el-trenet-dels-massatges","status":"publish","type":"post","link":"https:\/\/agora.xtec.cat\/zer-pedrera\/general\/ei-de-lescola-abat-ruera-el-trenet-dels-massatges\/","title":{"rendered":"EI de l&#8217;escola Abat Ruera. El trenet dels massatges"},"content":{"rendered":"<p>Mireu com es relaxen els m\u00e9s petits de l&#8217;escola!!! La mestra de M\u00fasica no solament treballa els sons, els ritmes o els instruments, sin\u00f3 tamb\u00e9 la import\u00e0ncia dels silencis, saber escoltar, l&#8217;atenci\u00f3&#8230; Per aconseguir tot aix\u00f2 la relaxaci\u00f3 \u00e9s molt important. Mireu quina activitat ha fet amb l&#8217;alumnat per assolir-ho!!<\/p>\n<p style=\"text-align: center;\"><a href=\"https:\/\/agora.xtec.cat\/zer-pedrera\/wp-content\/uploads\/usu1473\/2023\/09\/1695835737817.jpg\"><img loading=\"lazy\" decoding=\"async\" class=\"alignnone size-full wp-image-7192\" src=\"https:\/\/agora.xtec.cat\/zer-pedrera\/wp-content\/uploads\/usu1473\/2023\/09\/1695835737817.jpg\" alt=\"\" width=\"500\" height=\"792\" srcset=\"https:\/\/agora.xtec.cat\/zer-pedrera\/wp-content\/uploads\/usu1473\/2023\/09\/1695835737817.jpg 500w, https:\/\/agora.xtec.cat\/zer-pedrera\/wp-content\/uploads\/usu1473\/2023\/09\/1695835737817-189x300.jpg 189w\" sizes=\"auto, (max-width: 500px) 100vw, 500px\" \/><\/a><\/p>\n<p>&nbsp;<\/p>\n<p>&nbsp;<\/p>\n","protected":false},"excerpt":{"rendered":"<p>Mireu com es relaxen els m\u00e9s petits de l&#8217;escola!!! La mestra de M\u00fasica no solament treballa els sons, els ritmes o els instruments, sin\u00f3 tamb\u00e9 la import\u00e0ncia dels silencis, saber escoltar, l&#8217;atenci\u00f3&#8230; Per aconseguir tot aix\u00f2 la relaxaci\u00f3 \u00e9s molt important. Mireu quina activitat ha&hellip;  <a href=\"https:\/\/agora.xtec.cat\/zer-pedrera\/general\/ei-de-lescola-abat-ruera-el-trenet-dels-massatges\/\" title=\"Read EI de l&#8217;escola Abat Ruera. El trenet dels massatges\">Llegeix m\u00e9s\u00bb<\/a><\/p>\n","protected":false},"author":1,"featured_media":7192,"comment_status":"open","ping_status":"closed","sticky":false,"template":"","format":"standard","meta":{"_bbp_topic_count":0,"_bbp_reply_count":0,"_bbp_total_topic_count":0,"_bbp_total_reply_count":0,"_bbp_voice_count":0,"_bbp_anonymous_reply_count":0,"_bbp_topic_count_hidden":0,"_bbp_reply_count_hidden":0,"_bbp_forum_subforum_count":0,"footnotes":""},"categories":[113,110,1,117,29],"tags":[],"class_list":["post-7187","post","type-post","status-publish","format-standard","has-post-thumbnail","hentry","category-e-infantil","category-escola-abat-ruera","category-general","category-musica","category-portada"],"post_mailing_queue_ids":[],"_links":{"self":[{"href":"https:\/\/agora.xtec.cat\/zer-pedrera\/wp-json\/wp\/v2\/posts\/7187","targetHints":{"allow":["GET"]}}],"collection":[{"href":"https:\/\/agora.xtec.cat\/zer-pedrera\/wp-json\/wp\/v2\/posts"}],"about":[{"href":"https:\/\/agora.xtec.cat\/zer-pedrera\/wp-json\/wp\/v2\/types\/post"}],"author":[{"embeddable":true,"href":"https:\/\/agora.xtec.cat\/zer-pedrera\/wp-json\/wp\/v2\/users\/1"}],"replies":[{"embeddable":true,"href":"https:\/\/agora.xtec.cat\/zer-pedrera\/wp-json\/wp\/v2\/comments?post=7187"}],"version-history":[{"count":3,"href":"https:\/\/agora.xtec.cat\/zer-pedrera\/wp-json\/wp\/v2\/posts\/7187\/revisions"}],"predecessor-version":[{"id":7193,"href":"https:\/\/agora.xtec.cat\/zer-pedrera\/wp-json\/wp\/v2\/posts\/7187\/revisions\/7193"}],"wp:featuredmedia":[{"embeddable":true,"href":"https:\/\/agora.xtec.cat\/zer-pedrera\/wp-json\/wp\/v2\/media\/7192"}],"wp:attachment":[{"href":"https:\/\/agora.xtec.cat\/zer-pedrera\/wp-json\/wp\/v2\/media?parent=7187"}],"wp:term":[{"taxonomy":"category","embeddable":true,"href":"https:\/\/agora.xtec.cat\/zer-pedrera\/wp-json\/wp\/v2\/categories?post=7187"},{"taxonomy":"post_tag","embeddable":true,"href":"https:\/\/agora.xtec.cat\/zer-pedrera\/wp-json\/wp\/v2\/tags?post=7187"}],"curies":[{"name":"wp","href":"https:\/\/api.w.org\/{rel}","templated":true}]}}