{"id":7161,"date":"2023-10-06T14:00:47","date_gmt":"2023-10-06T12:00:47","guid":{"rendered":"https:\/\/agora.xtec.cat\/zer-pedrera\/?p=7161"},"modified":"2023-10-06T14:00:47","modified_gmt":"2023-10-06T12:00:47","slug":"fem-la-verema-a-lescola-porcel-de-cervera","status":"publish","type":"post","link":"https:\/\/agora.xtec.cat\/zer-pedrera\/general\/fem-la-verema-a-lescola-porcel-de-cervera\/","title":{"rendered":"Fem la verema a l&#8217;escola! Porcel de Cervera."},"content":{"rendered":"<p>Despr\u00e9s de les diverses sortides on hem pogut veure tot el proc\u00e9s complet de la verema, hem parlat de les vinyes i els ceps que ens donen el ra\u00efm.<\/p>\n<p>Hem vist que aquest pot ser de diversos tipus, color i tenir el gra de diferent forma (m\u00e9s arrodonida o m\u00e9s allargada). Hem tastat, experimentat i manipulat lliurement amb ell passant-nos-ho pipa!<\/p>\n<p>Fes clic a <a href=\"https:\/\/photos.app.goo.gl\/gRQvdBfwsgBw9L6K8\">FOTOS<\/a> per veure-les. Esperem que us agradin!<\/p>\n","protected":false},"excerpt":{"rendered":"<p>Despr\u00e9s de les diverses sortides on hem pogut veure tot el proc\u00e9s complet de la verema, hem parlat de les vinyes i els ceps que ens donen el ra\u00efm.<br \/>\nHem vist que aquest pot ser de diversos tipus, color i tenir el gra de diferent forma&hellip;  <a href=\"https:\/\/agora.xtec.cat\/zer-pedrera\/general\/fem-la-verema-a-lescola-porcel-de-cervera\/\" title=\"Read Fem la verema a l&#8217;escola! Porcel de Cervera.\">Llegeix m\u00e9s\u00bb<\/a><\/p>\n","protected":false},"author":1,"featured_media":7168,"comment_status":"open","ping_status":"closed","sticky":false,"template":"","format":"standard","meta":{"_bbp_topic_count":0,"_bbp_reply_count":0,"_bbp_total_topic_count":0,"_bbp_total_reply_count":0,"_bbp_voice_count":0,"_bbp_anonymous_reply_count":0,"_bbp_topic_count_hidden":0,"_bbp_reply_count_hidden":0,"_bbp_forum_subforum_count":0,"footnotes":""},"categories":[111,1,29,89],"tags":[],"class_list":["post-7161","post","type-post","status-publish","format-standard","has-post-thumbnail","hentry","category-escola-porcel-de-cervera","category-general","category-portada","category-primaria"],"post_mailing_queue_ids":[],"_links":{"self":[{"href":"https:\/\/agora.xtec.cat\/zer-pedrera\/wp-json\/wp\/v2\/posts\/7161","targetHints":{"allow":["GET"]}}],"collection":[{"href":"https:\/\/agora.xtec.cat\/zer-pedrera\/wp-json\/wp\/v2\/posts"}],"about":[{"href":"https:\/\/agora.xtec.cat\/zer-pedrera\/wp-json\/wp\/v2\/types\/post"}],"author":[{"embeddable":true,"href":"https:\/\/agora.xtec.cat\/zer-pedrera\/wp-json\/wp\/v2\/users\/1"}],"replies":[{"embeddable":true,"href":"https:\/\/agora.xtec.cat\/zer-pedrera\/wp-json\/wp\/v2\/comments?post=7161"}],"version-history":[{"count":2,"href":"https:\/\/agora.xtec.cat\/zer-pedrera\/wp-json\/wp\/v2\/posts\/7161\/revisions"}],"predecessor-version":[{"id":7163,"href":"https:\/\/agora.xtec.cat\/zer-pedrera\/wp-json\/wp\/v2\/posts\/7161\/revisions\/7163"}],"wp:featuredmedia":[{"embeddable":true,"href":"https:\/\/agora.xtec.cat\/zer-pedrera\/wp-json\/wp\/v2\/media\/7168"}],"wp:attachment":[{"href":"https:\/\/agora.xtec.cat\/zer-pedrera\/wp-json\/wp\/v2\/media?parent=7161"}],"wp:term":[{"taxonomy":"category","embeddable":true,"href":"https:\/\/agora.xtec.cat\/zer-pedrera\/wp-json\/wp\/v2\/categories?post=7161"},{"taxonomy":"post_tag","embeddable":true,"href":"https:\/\/agora.xtec.cat\/zer-pedrera\/wp-json\/wp\/v2\/tags?post=7161"}],"curies":[{"name":"wp","href":"https:\/\/api.w.org\/{rel}","templated":true}]}}