{"id":7155,"date":"2023-09-24T21:51:22","date_gmt":"2023-09-24T19:51:22","guid":{"rendered":"https:\/\/agora.xtec.cat\/zer-pedrera\/?p=7155"},"modified":"2023-09-24T21:51:48","modified_gmt":"2023-09-24T19:51:48","slug":"ep-de-lescola-abat-ruera-sortida-de-germanor","status":"publish","type":"post","link":"https:\/\/agora.xtec.cat\/zer-pedrera\/general\/ep-de-lescola-abat-ruera-sortida-de-germanor\/","title":{"rendered":"EP de l&#8217;escola Abat Ruera. Sortida de germanor"},"content":{"rendered":"<p>El dia 22 de setembre l&#8217;alumnat d&#8217;Educaci\u00f3 Prim\u00e0ria van gaudir d&#8217;una jornada de germanor. Al mat\u00ed tots els nens i nens d&#8217;Educaci\u00f3 Prim\u00e0ria van anar a Vinya Vilars, on molt atentament, els seus propietaris ens van ensenyar les seves instal\u00b7lacions, comen\u00e7ant pels camps de vinya per tot seguit continuar per les estances on s&#8217;elabora el vi, per finalment visitar la seva botiga. L&#8217;alumnat van poder con\u00e8ixer tot el proc\u00e9s de producci\u00f3 del vi.<br \/>\nA la tarda, de cam\u00ed a l&#8217;escola, l&#8217;alumnat van pujar al Tossal Gros. All\u00ed, l&#8217;alguatzil de Puiggr\u00f2s, ens va explicar per qu\u00e8 serveix un dip\u00f2sit d&#8217;aigua, com arriba l&#8217;aigua a les cases, quin control se segueix perqu\u00e8 l&#8217;aigua sigui potable&#8230;<br \/>\nPer veure m\u00e9s fotografies de la sortida clicar damunt de la imatge.<\/p>\n<p style=\"text-align: center;\"><a href=\"https:\/\/photos.app.goo.gl\/HB5VFEtk8gVqc3Hx6\" target=\"_blank\" rel=\"noopener\"><img loading=\"lazy\" decoding=\"async\" class=\"alignnone size-full wp-image-7156\" src=\"https:\/\/agora.xtec.cat\/zer-pedrera\/wp-content\/uploads\/usu1473\/2023\/09\/1695406780260.jpg\" alt=\"\" width=\"500\" height=\"667\" srcset=\"https:\/\/agora.xtec.cat\/zer-pedrera\/wp-content\/uploads\/usu1473\/2023\/09\/1695406780260.jpg 500w, https:\/\/agora.xtec.cat\/zer-pedrera\/wp-content\/uploads\/usu1473\/2023\/09\/1695406780260-225x300.jpg 225w\" sizes=\"auto, (max-width: 500px) 100vw, 500px\" \/><\/a><\/p>\n<p>&nbsp;<\/p>\n","protected":false},"excerpt":{"rendered":"<p>El dia 22 de setembre l&#8217;alumnat d&#8217;Educaci\u00f3 Prim\u00e0ria van gaudir d&#8217;una jornada de germanor. Al mat\u00ed tots els nens i nens d&#8217;Educaci\u00f3 Prim\u00e0ria van anar a Vinya Vilars, on molt atentament, els seus propietaris ens van ensenyar les seves instal\u00b7lacions, comen\u00e7ant pels camps de vinya&hellip;  <a href=\"https:\/\/agora.xtec.cat\/zer-pedrera\/general\/ep-de-lescola-abat-ruera-sortida-de-germanor\/\" title=\"Read EP de l&#8217;escola Abat Ruera. Sortida de germanor\">Llegeix m\u00e9s\u00bb<\/a><\/p>\n","protected":false},"author":1,"featured_media":7156,"comment_status":"open","ping_status":"closed","sticky":false,"template":"","format":"standard","meta":{"_bbp_topic_count":0,"_bbp_reply_count":0,"_bbp_total_topic_count":0,"_bbp_total_reply_count":0,"_bbp_voice_count":0,"_bbp_anonymous_reply_count":0,"_bbp_topic_count_hidden":0,"_bbp_reply_count_hidden":0,"_bbp_forum_subforum_count":0,"footnotes":""},"categories":[110,1,116,29,89],"tags":[],"class_list":["post-7155","post","type-post","status-publish","format-standard","has-post-thumbnail","hentry","category-escola-abat-ruera","category-general","category-medi","category-portada","category-primaria"],"post_mailing_queue_ids":[],"_links":{"self":[{"href":"https:\/\/agora.xtec.cat\/zer-pedrera\/wp-json\/wp\/v2\/posts\/7155","targetHints":{"allow":["GET"]}}],"collection":[{"href":"https:\/\/agora.xtec.cat\/zer-pedrera\/wp-json\/wp\/v2\/posts"}],"about":[{"href":"https:\/\/agora.xtec.cat\/zer-pedrera\/wp-json\/wp\/v2\/types\/post"}],"author":[{"embeddable":true,"href":"https:\/\/agora.xtec.cat\/zer-pedrera\/wp-json\/wp\/v2\/users\/1"}],"replies":[{"embeddable":true,"href":"https:\/\/agora.xtec.cat\/zer-pedrera\/wp-json\/wp\/v2\/comments?post=7155"}],"version-history":[{"count":1,"href":"https:\/\/agora.xtec.cat\/zer-pedrera\/wp-json\/wp\/v2\/posts\/7155\/revisions"}],"predecessor-version":[{"id":7157,"href":"https:\/\/agora.xtec.cat\/zer-pedrera\/wp-json\/wp\/v2\/posts\/7155\/revisions\/7157"}],"wp:featuredmedia":[{"embeddable":true,"href":"https:\/\/agora.xtec.cat\/zer-pedrera\/wp-json\/wp\/v2\/media\/7156"}],"wp:attachment":[{"href":"https:\/\/agora.xtec.cat\/zer-pedrera\/wp-json\/wp\/v2\/media?parent=7155"}],"wp:term":[{"taxonomy":"category","embeddable":true,"href":"https:\/\/agora.xtec.cat\/zer-pedrera\/wp-json\/wp\/v2\/categories?post=7155"},{"taxonomy":"post_tag","embeddable":true,"href":"https:\/\/agora.xtec.cat\/zer-pedrera\/wp-json\/wp\/v2\/tags?post=7155"}],"curies":[{"name":"wp","href":"https:\/\/api.w.org\/{rel}","templated":true}]}}