{"id":7138,"date":"2023-09-26T17:14:41","date_gmt":"2023-09-26T15:14:41","guid":{"rendered":"https:\/\/agora.xtec.cat\/zer-pedrera\/?p=7138"},"modified":"2023-09-26T17:14:41","modified_gmt":"2023-09-26T15:14:41","slug":"sortida-de-germanor-escola-porcel-de-cervera","status":"publish","type":"post","link":"https:\/\/agora.xtec.cat\/zer-pedrera\/general\/sortida-de-germanor-escola-porcel-de-cervera\/","title":{"rendered":"Sortida de germanor escola Porcel de Cervera"},"content":{"rendered":"<p>Com ja \u00e9s tradici\u00f3, la primera setmana d&#8217;escola hem aprofitat per fer una sortida i gaudir simplement de la companyia d&#8217;estar junts. Aquest cop hem anat a fer una petita ruta fins el bosquet que hi ha a prop del riu Rinet. Estem molt contents perqu\u00e8 per primer cop hem compartit aquesta jornada amb l&#8217;alumnat\u00a0 m\u00e9s petit\u00f3 d&#8217; I1 i I2, qui han jugat i caminat com uns campions. Ha estat un mat\u00ed molt engrescador en el que hem gaudit de la natura, hem conegut una mica millor el nostre entorn proper per\u00f2 sobretot en el que ens hem divertit junts-es! Ens encanten aquestes sortides aix\u00ed que de ben segur repetirem.<\/p>\n<p>Si voleu veure com ho hem passat de b\u00e9, cliqueu a l&#8217;enlla\u00e7.<\/p>\n<p><a href=\"https:\/\/photos.app.goo.gl\/fi1C2tLbRecziiYR6\"><img loading=\"lazy\" decoding=\"async\" class=\"wp-image-7139 aligncenter\" src=\"https:\/\/agora.xtec.cat\/zer-pedrera\/wp-content\/uploads\/usu1473\/2023\/09\/jornada-Germanor.jpg\" alt=\"\" width=\"192\" height=\"91\" srcset=\"https:\/\/agora.xtec.cat\/zer-pedrera\/wp-content\/uploads\/usu1473\/2023\/09\/jornada-Germanor.jpg 1024w, https:\/\/agora.xtec.cat\/zer-pedrera\/wp-content\/uploads\/usu1473\/2023\/09\/jornada-Germanor-300x142.jpg 300w, https:\/\/agora.xtec.cat\/zer-pedrera\/wp-content\/uploads\/usu1473\/2023\/09\/jornada-Germanor-768x364.jpg 768w\" sizes=\"auto, (max-width: 192px) 100vw, 192px\" \/><\/a><\/p>\n","protected":false},"excerpt":{"rendered":"<p>Com ja \u00e9s tradici\u00f3, la primera setmana d&#8217;escola hem aprofitat per fer una sortida i gaudir simplement de la companyia d&#8217;estar junts. Aquest cop hem anat a fer una petita ruta fins el bosquet que hi ha a prop del riu Rinet. Estem molt contents&hellip;  <a href=\"https:\/\/agora.xtec.cat\/zer-pedrera\/general\/sortida-de-germanor-escola-porcel-de-cervera\/\" title=\"Read Sortida de germanor escola Porcel de Cervera\">Llegeix m\u00e9s\u00bb<\/a><\/p>\n","protected":false},"author":1,"featured_media":7139,"comment_status":"open","ping_status":"closed","sticky":false,"template":"","format":"standard","meta":{"_bbp_topic_count":0,"_bbp_reply_count":0,"_bbp_total_topic_count":0,"_bbp_total_reply_count":0,"_bbp_voice_count":0,"_bbp_anonymous_reply_count":0,"_bbp_topic_count_hidden":0,"_bbp_reply_count_hidden":0,"_bbp_forum_subforum_count":0,"footnotes":""},"categories":[111,1,29],"tags":[],"class_list":["post-7138","post","type-post","status-publish","format-standard","has-post-thumbnail","hentry","category-escola-porcel-de-cervera","category-general","category-portada"],"post_mailing_queue_ids":[],"_links":{"self":[{"href":"https:\/\/agora.xtec.cat\/zer-pedrera\/wp-json\/wp\/v2\/posts\/7138","targetHints":{"allow":["GET"]}}],"collection":[{"href":"https:\/\/agora.xtec.cat\/zer-pedrera\/wp-json\/wp\/v2\/posts"}],"about":[{"href":"https:\/\/agora.xtec.cat\/zer-pedrera\/wp-json\/wp\/v2\/types\/post"}],"author":[{"embeddable":true,"href":"https:\/\/agora.xtec.cat\/zer-pedrera\/wp-json\/wp\/v2\/users\/1"}],"replies":[{"embeddable":true,"href":"https:\/\/agora.xtec.cat\/zer-pedrera\/wp-json\/wp\/v2\/comments?post=7138"}],"version-history":[{"count":2,"href":"https:\/\/agora.xtec.cat\/zer-pedrera\/wp-json\/wp\/v2\/posts\/7138\/revisions"}],"predecessor-version":[{"id":7178,"href":"https:\/\/agora.xtec.cat\/zer-pedrera\/wp-json\/wp\/v2\/posts\/7138\/revisions\/7178"}],"wp:featuredmedia":[{"embeddable":true,"href":"https:\/\/agora.xtec.cat\/zer-pedrera\/wp-json\/wp\/v2\/media\/7139"}],"wp:attachment":[{"href":"https:\/\/agora.xtec.cat\/zer-pedrera\/wp-json\/wp\/v2\/media?parent=7138"}],"wp:term":[{"taxonomy":"category","embeddable":true,"href":"https:\/\/agora.xtec.cat\/zer-pedrera\/wp-json\/wp\/v2\/categories?post=7138"},{"taxonomy":"post_tag","embeddable":true,"href":"https:\/\/agora.xtec.cat\/zer-pedrera\/wp-json\/wp\/v2\/tags?post=7138"}],"curies":[{"name":"wp","href":"https:\/\/api.w.org\/{rel}","templated":true}]}}