{"id":7126,"date":"2023-09-26T17:13:57","date_gmt":"2023-09-26T15:13:57","guid":{"rendered":"https:\/\/agora.xtec.cat\/zer-pedrera\/?p=7126"},"modified":"2023-09-26T17:13:57","modified_gmt":"2023-09-26T15:13:57","slug":"primers-dies-descola-porcel-de-cervera","status":"publish","type":"post","link":"https:\/\/agora.xtec.cat\/zer-pedrera\/general\/primers-dies-descola-porcel-de-cervera\/","title":{"rendered":"Primers dies d&#8217;escola. Porcel de Cervera"},"content":{"rendered":"<p>En els primers dies d\u2019escola hi ha molta alegria, nervis, il\u00b7lusi\u00f3, i un munt de noves experi\u00e8ncies per viure. Donem la benvinguda als m\u00e9s petits\/es de l\u2019escola i bentornats\/ades la resta de nenes i nens tan d&#8217;infantil com de prim\u00e0ria.<\/p>\n<p>Us deixem un tastet d\u2019algunes activitats que es van realitzar els primers dies de curs. Esperem que us agradin! Aqu\u00ed us deixem unes quantes <a href=\"https:\/\/photos.app.goo.gl\/Ds9XsxfDxDyQGYTz9\">FOTOS<\/a>!<\/p>\n<p>Tindrem un gran curs 2023\/2024!<\/p>\n<p>&nbsp;<\/p>\n<p>&nbsp;<\/p>\n<p>&nbsp;<\/p>\n","protected":false},"excerpt":{"rendered":"<p>En els primers dies d\u2019escola hi ha molta alegria, nervis, il\u00b7lusi\u00f3, i un munt de noves experi\u00e8ncies per viure. Donem la benvinguda als m\u00e9s petits\/es de l\u2019escola i bentornats\/ades la resta de nenes i nens tan d&#8217;infantil com de prim\u00e0ria.<br \/>\nUs deixem un tastet d\u2019algunes activitats&hellip;  <a href=\"https:\/\/agora.xtec.cat\/zer-pedrera\/general\/primers-dies-descola-porcel-de-cervera\/\" title=\"Read Primers dies d&#8217;escola. Porcel de Cervera\">Llegeix m\u00e9s\u00bb<\/a><\/p>\n","protected":false},"author":1,"featured_media":7169,"comment_status":"open","ping_status":"closed","sticky":false,"template":"","format":"standard","meta":{"_bbp_topic_count":0,"_bbp_reply_count":0,"_bbp_total_topic_count":0,"_bbp_total_reply_count":0,"_bbp_voice_count":0,"_bbp_anonymous_reply_count":0,"_bbp_topic_count_hidden":0,"_bbp_reply_count_hidden":0,"_bbp_forum_subforum_count":0,"footnotes":""},"categories":[111,1,29],"tags":[],"class_list":["post-7126","post","type-post","status-publish","format-standard","has-post-thumbnail","hentry","category-escola-porcel-de-cervera","category-general","category-portada"],"post_mailing_queue_ids":[],"_links":{"self":[{"href":"https:\/\/agora.xtec.cat\/zer-pedrera\/wp-json\/wp\/v2\/posts\/7126","targetHints":{"allow":["GET"]}}],"collection":[{"href":"https:\/\/agora.xtec.cat\/zer-pedrera\/wp-json\/wp\/v2\/posts"}],"about":[{"href":"https:\/\/agora.xtec.cat\/zer-pedrera\/wp-json\/wp\/v2\/types\/post"}],"author":[{"embeddable":true,"href":"https:\/\/agora.xtec.cat\/zer-pedrera\/wp-json\/wp\/v2\/users\/1"}],"replies":[{"embeddable":true,"href":"https:\/\/agora.xtec.cat\/zer-pedrera\/wp-json\/wp\/v2\/comments?post=7126"}],"version-history":[{"count":3,"href":"https:\/\/agora.xtec.cat\/zer-pedrera\/wp-json\/wp\/v2\/posts\/7126\/revisions"}],"predecessor-version":[{"id":7160,"href":"https:\/\/agora.xtec.cat\/zer-pedrera\/wp-json\/wp\/v2\/posts\/7126\/revisions\/7160"}],"wp:featuredmedia":[{"embeddable":true,"href":"https:\/\/agora.xtec.cat\/zer-pedrera\/wp-json\/wp\/v2\/media\/7169"}],"wp:attachment":[{"href":"https:\/\/agora.xtec.cat\/zer-pedrera\/wp-json\/wp\/v2\/media?parent=7126"}],"wp:term":[{"taxonomy":"category","embeddable":true,"href":"https:\/\/agora.xtec.cat\/zer-pedrera\/wp-json\/wp\/v2\/categories?post=7126"},{"taxonomy":"post_tag","embeddable":true,"href":"https:\/\/agora.xtec.cat\/zer-pedrera\/wp-json\/wp\/v2\/tags?post=7126"}],"curies":[{"name":"wp","href":"https:\/\/api.w.org\/{rel}","templated":true}]}}