{"id":7122,"date":"2023-09-22T20:35:10","date_gmt":"2023-09-22T18:35:10","guid":{"rendered":"https:\/\/agora.xtec.cat\/zer-pedrera\/?p=7122"},"modified":"2023-09-24T20:47:36","modified_gmt":"2023-09-24T18:47:36","slug":"cm-cs-a-lescola-abat-ruera-projecte-compartim-lectura","status":"publish","type":"post","link":"https:\/\/agora.xtec.cat\/zer-pedrera\/general\/cm-cs-a-lescola-abat-ruera-projecte-compartim-lectura\/","title":{"rendered":"CM\/CS de l&#8217;escola Abat Ruera. Projecte &#8220;Compartim lectura&#8221;"},"content":{"rendered":"<p>En la sisena hora de\u00a0<span class=\"hiddenSpellError\">biblioruera<\/span>, l&#8217;alumnat de CM i\u00a0<span class=\"hiddenSpellError\">CS<\/span>\u00a0han comen\u00e7at el projecte &#8220;Compartim lectura&#8221;, el qual consisteix a escollir un llibre de la nostra biblioteca escolar i llegir-lo en veu alta, remarcant l&#8217;entonaci\u00f3 i fent \u00e8mfasi en la pronunciaci\u00f3. L&#8217;objectiu final del projecte \u00e9s que l&#8217;alumnat sigui capa\u00e7 de llegir en veu alta un conte i captar l&#8217;atenci\u00f3 dels m\u00e9s petits de l&#8217;escola, \u00e9s a dir, els nens i nenes d&#8217;Educaci\u00f3 Infantil.<\/p>\n<p><a href=\"https:\/\/agora.xtec.cat\/zer-pedrera\/wp-content\/uploads\/usu1473\/2023\/09\/Lectura-compartida-CM-CS.jpg\"><img loading=\"lazy\" decoding=\"async\" class=\"wp-image-7123 aligncenter\" src=\"https:\/\/agora.xtec.cat\/zer-pedrera\/wp-content\/uploads\/usu1473\/2023\/09\/Lectura-compartida-CM-CS.jpg\" alt=\"\" width=\"390\" height=\"693\" srcset=\"https:\/\/agora.xtec.cat\/zer-pedrera\/wp-content\/uploads\/usu1473\/2023\/09\/Lectura-compartida-CM-CS.jpg 500w, https:\/\/agora.xtec.cat\/zer-pedrera\/wp-content\/uploads\/usu1473\/2023\/09\/Lectura-compartida-CM-CS-169x300.jpg 169w\" sizes=\"auto, (max-width: 390px) 100vw, 390px\" \/><\/a><\/p>\n","protected":false},"excerpt":{"rendered":"<p>En la sisena hora de\u00a0biblioruera, l&#8217;alumnat de CM i\u00a0CS\u00a0han comen\u00e7at el projecte &#8220;Compartim lectura&#8221;, el qual consisteix a escollir un llibre de la nostra biblioteca escolar i llegir-lo en veu alta, remarcant l&#8217;entonaci\u00f3 i fent \u00e8mfasi en la pronunciaci\u00f3. L&#8217;objectiu final del projecte \u00e9s que&hellip;  <a href=\"https:\/\/agora.xtec.cat\/zer-pedrera\/general\/cm-cs-a-lescola-abat-ruera-projecte-compartim-lectura\/\" title=\"Read CM\/CS de l&#8217;escola Abat Ruera. Projecte &#8220;Compartim lectura&#8221;\">Llegeix m\u00e9s\u00bb<\/a><\/p>\n","protected":false},"author":1,"featured_media":7123,"comment_status":"open","ping_status":"closed","sticky":false,"template":"","format":"standard","meta":{"_bbp_topic_count":0,"_bbp_reply_count":0,"_bbp_total_topic_count":0,"_bbp_total_reply_count":0,"_bbp_voice_count":0,"_bbp_anonymous_reply_count":0,"_bbp_topic_count_hidden":0,"_bbp_reply_count_hidden":0,"_bbp_forum_subforum_count":0,"footnotes":""},"categories":[125,110,1,29,89,120],"tags":[],"class_list":["post-7122","post","type-post","status-publish","format-standard","has-post-thumbnail","hentry","category-catala","category-escola-abat-ruera","category-general","category-portada","category-primaria","category-projectes"],"post_mailing_queue_ids":[],"_links":{"self":[{"href":"https:\/\/agora.xtec.cat\/zer-pedrera\/wp-json\/wp\/v2\/posts\/7122","targetHints":{"allow":["GET"]}}],"collection":[{"href":"https:\/\/agora.xtec.cat\/zer-pedrera\/wp-json\/wp\/v2\/posts"}],"about":[{"href":"https:\/\/agora.xtec.cat\/zer-pedrera\/wp-json\/wp\/v2\/types\/post"}],"author":[{"embeddable":true,"href":"https:\/\/agora.xtec.cat\/zer-pedrera\/wp-json\/wp\/v2\/users\/1"}],"replies":[{"embeddable":true,"href":"https:\/\/agora.xtec.cat\/zer-pedrera\/wp-json\/wp\/v2\/comments?post=7122"}],"version-history":[{"count":2,"href":"https:\/\/agora.xtec.cat\/zer-pedrera\/wp-json\/wp\/v2\/posts\/7122\/revisions"}],"predecessor-version":[{"id":7149,"href":"https:\/\/agora.xtec.cat\/zer-pedrera\/wp-json\/wp\/v2\/posts\/7122\/revisions\/7149"}],"wp:featuredmedia":[{"embeddable":true,"href":"https:\/\/agora.xtec.cat\/zer-pedrera\/wp-json\/wp\/v2\/media\/7123"}],"wp:attachment":[{"href":"https:\/\/agora.xtec.cat\/zer-pedrera\/wp-json\/wp\/v2\/media?parent=7122"}],"wp:term":[{"taxonomy":"category","embeddable":true,"href":"https:\/\/agora.xtec.cat\/zer-pedrera\/wp-json\/wp\/v2\/categories?post=7122"},{"taxonomy":"post_tag","embeddable":true,"href":"https:\/\/agora.xtec.cat\/zer-pedrera\/wp-json\/wp\/v2\/tags?post=7122"}],"curies":[{"name":"wp","href":"https:\/\/api.w.org\/{rel}","templated":true}]}}