{"id":7069,"date":"2023-06-25T12:12:15","date_gmt":"2023-06-25T10:12:15","guid":{"rendered":"https:\/\/agora.xtec.cat\/zer-pedrera\/?p=7069"},"modified":"2023-06-25T12:12:15","modified_gmt":"2023-06-25T10:12:15","slug":"com-es-una-radio-per-dins-classe-dels-petits-escola-porcel-de-cervera","status":"publish","type":"post","link":"https:\/\/agora.xtec.cat\/zer-pedrera\/portada\/com-es-una-radio-per-dins-classe-dels-petits-escola-porcel-de-cervera\/","title":{"rendered":"Com \u00e9s una r\u00e0dio per dins? Classe dels petits escola Porcel de Cervera."},"content":{"rendered":"<p>Dins del projecte de &#8220;Les m\u00e0quines&#8221; que hem treballat aquest tercer trimestre, vam dedicar una sessi\u00f3 a veure com era un m\u00e0quina complexa per dins, en aquest cas una r\u00e0dio. Vam poder observar que est\u00e0 formada per moltes peces, i fins i tot que hi havia alguna m\u00e0quina simple. Aquesta va ser una activitat d&#8217;observaci\u00f3 per\u00f2 tamb\u00e9 d&#8217;experimentaci\u00f3.<\/p>\n<p>Voleu veure&#8217;n les imatges? Doncs cliqueu en la fotografia.<\/p>\n<p><a href=\"https:\/\/photos.app.goo.gl\/mVhrM8GejX7hBLhHA\"><img loading=\"lazy\" decoding=\"async\" class=\"wp-image-7070 aligncenter\" src=\"https:\/\/agora.xtec.cat\/zer-pedrera\/wp-content\/uploads\/usu1473\/2023\/06\/1-1.jpg\" alt=\"\" width=\"321\" height=\"301\" srcset=\"https:\/\/agora.xtec.cat\/zer-pedrera\/wp-content\/uploads\/usu1473\/2023\/06\/1-1.jpg 500w, https:\/\/agora.xtec.cat\/zer-pedrera\/wp-content\/uploads\/usu1473\/2023\/06\/1-1-300x281.jpg 300w\" sizes=\"auto, (max-width: 321px) 100vw, 321px\" \/><\/a><\/p>\n","protected":false},"excerpt":{"rendered":"<p>Dins del projecte de &#8220;Les m\u00e0quines&#8221; que hem treballat aquest tercer trimestre, vam dedicar una sessi\u00f3 a veure com era un m\u00e0quina complexa per dins, en aquest cas una r\u00e0dio. Vam poder observar que est\u00e0 formada per moltes peces, i fins i tot que hi&hellip;  <a href=\"https:\/\/agora.xtec.cat\/zer-pedrera\/portada\/com-es-una-radio-per-dins-classe-dels-petits-escola-porcel-de-cervera\/\" title=\"Read Com \u00e9s una r\u00e0dio per dins? Classe dels petits escola Porcel de Cervera.\">Llegeix m\u00e9s\u00bb<\/a><\/p>\n","protected":false},"author":1,"featured_media":7070,"comment_status":"open","ping_status":"closed","sticky":false,"template":"","format":"standard","meta":{"_bbp_topic_count":0,"_bbp_reply_count":0,"_bbp_total_topic_count":0,"_bbp_total_reply_count":0,"_bbp_voice_count":0,"_bbp_anonymous_reply_count":0,"_bbp_topic_count_hidden":0,"_bbp_reply_count_hidden":0,"_bbp_forum_subforum_count":0,"footnotes":""},"categories":[113,111,29,89],"tags":[],"class_list":["post-7069","post","type-post","status-publish","format-standard","has-post-thumbnail","hentry","category-e-infantil","category-escola-porcel-de-cervera","category-portada","category-primaria"],"post_mailing_queue_ids":[],"_links":{"self":[{"href":"https:\/\/agora.xtec.cat\/zer-pedrera\/wp-json\/wp\/v2\/posts\/7069","targetHints":{"allow":["GET"]}}],"collection":[{"href":"https:\/\/agora.xtec.cat\/zer-pedrera\/wp-json\/wp\/v2\/posts"}],"about":[{"href":"https:\/\/agora.xtec.cat\/zer-pedrera\/wp-json\/wp\/v2\/types\/post"}],"author":[{"embeddable":true,"href":"https:\/\/agora.xtec.cat\/zer-pedrera\/wp-json\/wp\/v2\/users\/1"}],"replies":[{"embeddable":true,"href":"https:\/\/agora.xtec.cat\/zer-pedrera\/wp-json\/wp\/v2\/comments?post=7069"}],"version-history":[{"count":1,"href":"https:\/\/agora.xtec.cat\/zer-pedrera\/wp-json\/wp\/v2\/posts\/7069\/revisions"}],"predecessor-version":[{"id":7071,"href":"https:\/\/agora.xtec.cat\/zer-pedrera\/wp-json\/wp\/v2\/posts\/7069\/revisions\/7071"}],"wp:featuredmedia":[{"embeddable":true,"href":"https:\/\/agora.xtec.cat\/zer-pedrera\/wp-json\/wp\/v2\/media\/7070"}],"wp:attachment":[{"href":"https:\/\/agora.xtec.cat\/zer-pedrera\/wp-json\/wp\/v2\/media?parent=7069"}],"wp:term":[{"taxonomy":"category","embeddable":true,"href":"https:\/\/agora.xtec.cat\/zer-pedrera\/wp-json\/wp\/v2\/categories?post=7069"},{"taxonomy":"post_tag","embeddable":true,"href":"https:\/\/agora.xtec.cat\/zer-pedrera\/wp-json\/wp\/v2\/tags?post=7069"}],"curies":[{"name":"wp","href":"https:\/\/api.w.org\/{rel}","templated":true}]}}