{"id":7065,"date":"2023-06-25T11:55:15","date_gmt":"2023-06-25T09:55:15","guid":{"rendered":"https:\/\/agora.xtec.cat\/zer-pedrera\/?p=7065"},"modified":"2023-06-25T11:55:15","modified_gmt":"2023-06-25T09:55:15","slug":"pintura-amb-un-neteja-vidres","status":"publish","type":"post","link":"https:\/\/agora.xtec.cat\/zer-pedrera\/portada\/pintura-amb-un-neteja-vidres\/","title":{"rendered":"Pintura amb un neteja vidres"},"content":{"rendered":"<p>Aquests darrers dies a l&#8217;escola hem realitzat activitats m\u00e9s l\u00fadiques, que despr\u00e9s ens han servit per a realitzar-ne altres. La setmana passada vam acomiadar els nostres practicants que acabaven les seves pr\u00e0ctiques en la nostra escola, per a fer-ho, els vam voler obsequiar amb un dibuix i una carpeta. Els petits vam fer una fons amb pintura on despr\u00e9s cadasc\u00fa va dibuixar a en Kevin. En aquest article podeu veure com vam realitzar aquest fons. Al nens i nenes se&#8217;ls va fer curt l&#8217;activitat i de ben segur que aquest estiu si els deixeu un neteja vidres i una mica de pintura s&#8217;ho passaran pipa!!!!<\/p>\n<p>Si en voleu veure les fotografies cliqueu en la imatge.<\/p>\n<p style=\"text-align: center;\"><a href=\"https:\/\/photos.app.goo.gl\/dFNXQszvu2rmFMxE9\"><img loading=\"lazy\" decoding=\"async\" class=\"alignnone size-full wp-image-7066\" src=\"https:\/\/agora.xtec.cat\/zer-pedrera\/wp-content\/uploads\/usu1473\/2023\/06\/1.jpg\" alt=\"\" width=\"500\" height=\"281\" srcset=\"https:\/\/agora.xtec.cat\/zer-pedrera\/wp-content\/uploads\/usu1473\/2023\/06\/1.jpg 500w, https:\/\/agora.xtec.cat\/zer-pedrera\/wp-content\/uploads\/usu1473\/2023\/06\/1-300x169.jpg 300w\" sizes=\"auto, (max-width: 500px) 100vw, 500px\" \/><\/a><\/p>\n","protected":false},"excerpt":{"rendered":"<p>Aquests darrers dies a l&#8217;escola hem realitzat activitats m\u00e9s l\u00fadiques, que despr\u00e9s ens han servit per a realitzar-ne altres. La setmana passada vam acomiadar els nostres practicants que acabaven les seves pr\u00e0ctiques en la nostra escola, per a fer-ho, els vam voler obsequiar amb un&hellip;  <a href=\"https:\/\/agora.xtec.cat\/zer-pedrera\/portada\/pintura-amb-un-neteja-vidres\/\" title=\"Read Pintura amb un neteja vidres\">Llegeix m\u00e9s\u00bb<\/a><\/p>\n","protected":false},"author":1,"featured_media":7066,"comment_status":"open","ping_status":"closed","sticky":false,"template":"","format":"standard","meta":{"_bbp_topic_count":0,"_bbp_reply_count":0,"_bbp_total_topic_count":0,"_bbp_total_reply_count":0,"_bbp_voice_count":0,"_bbp_anonymous_reply_count":0,"_bbp_topic_count_hidden":0,"_bbp_reply_count_hidden":0,"_bbp_forum_subforum_count":0,"footnotes":""},"categories":[113,111,29,89],"tags":[],"class_list":["post-7065","post","type-post","status-publish","format-standard","has-post-thumbnail","hentry","category-e-infantil","category-escola-porcel-de-cervera","category-portada","category-primaria"],"post_mailing_queue_ids":[],"_links":{"self":[{"href":"https:\/\/agora.xtec.cat\/zer-pedrera\/wp-json\/wp\/v2\/posts\/7065","targetHints":{"allow":["GET"]}}],"collection":[{"href":"https:\/\/agora.xtec.cat\/zer-pedrera\/wp-json\/wp\/v2\/posts"}],"about":[{"href":"https:\/\/agora.xtec.cat\/zer-pedrera\/wp-json\/wp\/v2\/types\/post"}],"author":[{"embeddable":true,"href":"https:\/\/agora.xtec.cat\/zer-pedrera\/wp-json\/wp\/v2\/users\/1"}],"replies":[{"embeddable":true,"href":"https:\/\/agora.xtec.cat\/zer-pedrera\/wp-json\/wp\/v2\/comments?post=7065"}],"version-history":[{"count":1,"href":"https:\/\/agora.xtec.cat\/zer-pedrera\/wp-json\/wp\/v2\/posts\/7065\/revisions"}],"predecessor-version":[{"id":7067,"href":"https:\/\/agora.xtec.cat\/zer-pedrera\/wp-json\/wp\/v2\/posts\/7065\/revisions\/7067"}],"wp:featuredmedia":[{"embeddable":true,"href":"https:\/\/agora.xtec.cat\/zer-pedrera\/wp-json\/wp\/v2\/media\/7066"}],"wp:attachment":[{"href":"https:\/\/agora.xtec.cat\/zer-pedrera\/wp-json\/wp\/v2\/media?parent=7065"}],"wp:term":[{"taxonomy":"category","embeddable":true,"href":"https:\/\/agora.xtec.cat\/zer-pedrera\/wp-json\/wp\/v2\/categories?post=7065"},{"taxonomy":"post_tag","embeddable":true,"href":"https:\/\/agora.xtec.cat\/zer-pedrera\/wp-json\/wp\/v2\/tags?post=7065"}],"curies":[{"name":"wp","href":"https:\/\/api.w.org\/{rel}","templated":true}]}}