{"id":7061,"date":"2023-06-25T11:30:59","date_gmt":"2023-06-25T09:30:59","guid":{"rendered":"https:\/\/agora.xtec.cat\/zer-pedrera\/?p=7061"},"modified":"2023-06-25T11:30:59","modified_gmt":"2023-06-25T09:30:59","slug":"avui-la-noa-celebra-el-seu-aniversari","status":"publish","type":"post","link":"https:\/\/agora.xtec.cat\/zer-pedrera\/escola-porcel-de-cervera\/avui-la-noa-celebra-el-seu-aniversari\/","title":{"rendered":"Avui la Noa celebra el seu aniversari."},"content":{"rendered":"<p>Avui la Noa ha celebrat el seu aniversari. Avui, a m\u00e9s a m\u00e9s de ser l&#8217;\u00faltim dia d&#8217;escola, \u00e9s l&#8217;aniversari de la Noa de la classe dels petits.\u00a0 Li hem dedicat una can\u00e7\u00f3 i i l&#8217;hem felicitat. Ella ens ha fet un detall a cada nen i nena, amb els que hem marxat la mar de contents.<\/p>\n<p>Per molts anys Noa!!!!<\/p>\n<p style=\"text-align: center;\"><a href=\"https:\/\/agora.xtec.cat\/zer-pedrera\/wp-content\/uploads\/usu1473\/2023\/06\/Noa-article.jpg\"><img loading=\"lazy\" decoding=\"async\" class=\"alignnone  wp-image-7062\" src=\"https:\/\/agora.xtec.cat\/zer-pedrera\/wp-content\/uploads\/usu1473\/2023\/06\/Noa-article.jpg\" alt=\"\" width=\"382\" height=\"591\" srcset=\"https:\/\/agora.xtec.cat\/zer-pedrera\/wp-content\/uploads\/usu1473\/2023\/06\/Noa-article.jpg 500w, https:\/\/agora.xtec.cat\/zer-pedrera\/wp-content\/uploads\/usu1473\/2023\/06\/Noa-article-194x300.jpg 194w\" sizes=\"auto, (max-width: 382px) 100vw, 382px\" \/><\/a><\/p>\n","protected":false},"excerpt":{"rendered":"<p>Avui la Noa ha celebrat el seu aniversari. Avui, a m\u00e9s a m\u00e9s de ser l&#8217;\u00faltim dia d&#8217;escola, \u00e9s l&#8217;aniversari de la Noa de la classe dels petits.\u00a0 Li hem dedicat una can\u00e7\u00f3 i i l&#8217;hem felicitat. Ella ens ha fet un detall a cada&hellip;  <a href=\"https:\/\/agora.xtec.cat\/zer-pedrera\/escola-porcel-de-cervera\/avui-la-noa-celebra-el-seu-aniversari\/\" title=\"Read Avui la Noa celebra el seu aniversari.\">Llegeix m\u00e9s\u00bb<\/a><\/p>\n","protected":false},"author":1,"featured_media":7062,"comment_status":"open","ping_status":"closed","sticky":false,"template":"","format":"standard","meta":{"_bbp_topic_count":0,"_bbp_reply_count":0,"_bbp_total_topic_count":0,"_bbp_total_reply_count":0,"_bbp_voice_count":0,"_bbp_anonymous_reply_count":0,"_bbp_topic_count_hidden":0,"_bbp_reply_count_hidden":0,"_bbp_forum_subforum_count":0,"footnotes":""},"categories":[146,111],"tags":[],"class_list":["post-7061","post","type-post","status-publish","format-standard","has-post-thumbnail","hentry","category-aniversaris","category-escola-porcel-de-cervera"],"post_mailing_queue_ids":[],"_links":{"self":[{"href":"https:\/\/agora.xtec.cat\/zer-pedrera\/wp-json\/wp\/v2\/posts\/7061","targetHints":{"allow":["GET"]}}],"collection":[{"href":"https:\/\/agora.xtec.cat\/zer-pedrera\/wp-json\/wp\/v2\/posts"}],"about":[{"href":"https:\/\/agora.xtec.cat\/zer-pedrera\/wp-json\/wp\/v2\/types\/post"}],"author":[{"embeddable":true,"href":"https:\/\/agora.xtec.cat\/zer-pedrera\/wp-json\/wp\/v2\/users\/1"}],"replies":[{"embeddable":true,"href":"https:\/\/agora.xtec.cat\/zer-pedrera\/wp-json\/wp\/v2\/comments?post=7061"}],"version-history":[{"count":1,"href":"https:\/\/agora.xtec.cat\/zer-pedrera\/wp-json\/wp\/v2\/posts\/7061\/revisions"}],"predecessor-version":[{"id":7063,"href":"https:\/\/agora.xtec.cat\/zer-pedrera\/wp-json\/wp\/v2\/posts\/7061\/revisions\/7063"}],"wp:featuredmedia":[{"embeddable":true,"href":"https:\/\/agora.xtec.cat\/zer-pedrera\/wp-json\/wp\/v2\/media\/7062"}],"wp:attachment":[{"href":"https:\/\/agora.xtec.cat\/zer-pedrera\/wp-json\/wp\/v2\/media?parent=7061"}],"wp:term":[{"taxonomy":"category","embeddable":true,"href":"https:\/\/agora.xtec.cat\/zer-pedrera\/wp-json\/wp\/v2\/categories?post=7061"},{"taxonomy":"post_tag","embeddable":true,"href":"https:\/\/agora.xtec.cat\/zer-pedrera\/wp-json\/wp\/v2\/tags?post=7061"}],"curies":[{"name":"wp","href":"https:\/\/api.w.org\/{rel}","templated":true}]}}