{"id":6999,"date":"2023-06-06T13:20:58","date_gmt":"2023-06-06T11:20:58","guid":{"rendered":"https:\/\/agora.xtec.cat\/zer-pedrera\/?p=6999"},"modified":"2023-06-06T14:12:20","modified_gmt":"2023-06-06T12:12:20","slug":"escola-porcel-de-cervera-robotica-amb-les-beebots","status":"publish","type":"post","link":"https:\/\/agora.xtec.cat\/zer-pedrera\/general\/escola-porcel-de-cervera-robotica-amb-les-beebots\/","title":{"rendered":"Escola Porcel de Cervera. Rob\u00f2tica amb les beebots"},"content":{"rendered":"<p>Aquest trimestre tot l&#8217;alumnat de l&#8217;escola hem pogut dedicar algunes sessions d&#8217;aprenentatge per treballar continguts del curr\u00edculum a trav\u00e9s de la rob\u00f2tica. Gr\u00e0cies al pr\u00e9stec que ens va fer el CRP de les Garrigues, durant uns dies vam poder introduir aquestes abelletes a les nostres aules per refor\u00e7ar de manera divertida conceptes de programaci\u00f3, coordenades, itineraris i fins i tots jocs de llengua per definir paraules. No cal dir que s&#8217;ho van passar pipa i que ja siguin les beebot o qualsevol altre eina tecnol\u00f2gica, treballar aix\u00ed sempre \u00e9s un \u00e8xit segur!<\/p>\n<p><a href=\"https:\/\/photos.app.goo.gl\/3TPKGqLEPB7RFQM88\"><span lang=\"CA\"><img loading=\"lazy\" decoding=\"async\" class=\"aligncenter\" src=\"https:\/\/agora.xtec.cat\/zer-pedrera\/wp-content\/uploads\/usu1473\/2023\/06\/portada.jpg\" width=\"467\" height=\"285\" \/><\/span><\/a><\/p>\n","protected":false},"excerpt":{"rendered":"<p>Aquest trimestre tot l&#8217;alumnat de l&#8217;escola hem pogut dedicar algunes sessions d&#8217;aprenentatge per treballar continguts del curr\u00edculum a trav\u00e9s de la rob\u00f2tica. Gr\u00e0cies al pr\u00e9stec que ens va fer el CRP de les Garrigues, durant uns dies vam poder introduir aquestes abelletes a les nostres&hellip;  <a href=\"https:\/\/agora.xtec.cat\/zer-pedrera\/general\/escola-porcel-de-cervera-robotica-amb-les-beebots\/\" title=\"Read Escola Porcel de Cervera. Rob\u00f2tica amb les beebots\">Llegeix m\u00e9s\u00bb<\/a><\/p>\n","protected":false},"author":1,"featured_media":7017,"comment_status":"open","ping_status":"closed","sticky":false,"template":"","format":"standard","meta":{"_bbp_topic_count":0,"_bbp_reply_count":0,"_bbp_total_topic_count":0,"_bbp_total_reply_count":0,"_bbp_voice_count":0,"_bbp_anonymous_reply_count":0,"_bbp_topic_count_hidden":0,"_bbp_reply_count_hidden":0,"_bbp_forum_subforum_count":0,"footnotes":""},"categories":[111,1,29,89],"tags":[],"class_list":["post-6999","post","type-post","status-publish","format-standard","has-post-thumbnail","hentry","category-escola-porcel-de-cervera","category-general","category-portada","category-primaria"],"post_mailing_queue_ids":[],"_links":{"self":[{"href":"https:\/\/agora.xtec.cat\/zer-pedrera\/wp-json\/wp\/v2\/posts\/6999","targetHints":{"allow":["GET"]}}],"collection":[{"href":"https:\/\/agora.xtec.cat\/zer-pedrera\/wp-json\/wp\/v2\/posts"}],"about":[{"href":"https:\/\/agora.xtec.cat\/zer-pedrera\/wp-json\/wp\/v2\/types\/post"}],"author":[{"embeddable":true,"href":"https:\/\/agora.xtec.cat\/zer-pedrera\/wp-json\/wp\/v2\/users\/1"}],"replies":[{"embeddable":true,"href":"https:\/\/agora.xtec.cat\/zer-pedrera\/wp-json\/wp\/v2\/comments?post=6999"}],"version-history":[{"count":3,"href":"https:\/\/agora.xtec.cat\/zer-pedrera\/wp-json\/wp\/v2\/posts\/6999\/revisions"}],"predecessor-version":[{"id":7018,"href":"https:\/\/agora.xtec.cat\/zer-pedrera\/wp-json\/wp\/v2\/posts\/6999\/revisions\/7018"}],"wp:featuredmedia":[{"embeddable":true,"href":"https:\/\/agora.xtec.cat\/zer-pedrera\/wp-json\/wp\/v2\/media\/7017"}],"wp:attachment":[{"href":"https:\/\/agora.xtec.cat\/zer-pedrera\/wp-json\/wp\/v2\/media?parent=6999"}],"wp:term":[{"taxonomy":"category","embeddable":true,"href":"https:\/\/agora.xtec.cat\/zer-pedrera\/wp-json\/wp\/v2\/categories?post=6999"},{"taxonomy":"post_tag","embeddable":true,"href":"https:\/\/agora.xtec.cat\/zer-pedrera\/wp-json\/wp\/v2\/tags?post=6999"}],"curies":[{"name":"wp","href":"https:\/\/api.w.org\/{rel}","templated":true}]}}