{"id":6979,"date":"2023-05-31T23:16:16","date_gmt":"2023-05-31T21:16:16","guid":{"rendered":"https:\/\/agora.xtec.cat\/zer-pedrera\/?p=6979"},"modified":"2023-05-31T23:16:16","modified_gmt":"2023-05-31T21:16:16","slug":"zer-pedrera-les-colonies","status":"publish","type":"post","link":"https:\/\/agora.xtec.cat\/zer-pedrera\/general\/zer-pedrera-les-colonies\/","title":{"rendered":"ZER Pedrera. Les col\u00f2nies"},"content":{"rendered":"<p>El dia 29 i 30 de maig l&#8217;alumnat de la\u00a0<span class=\"hiddenSpellError\">ZER<\/span>\u00a0Pedrera han anat a la Finca La Capella, ubicada a l&#8217;Espluga Francol\u00ed-Poblet. Han gaudit de dos dies on han fet excursions per l&#8217;entorn m\u00e9s proper, han fet esport i jocs cooperatius, activitats amb llengua anglesa, han fet servir la imaginaci\u00f3&#8230; S&#8217;ho han passat d&#8217;all\u00f2 m\u00e9s b\u00e9!!!<br \/>\nPer veure m\u00e9s imatges de l&#8217;activitat clicar damunt de la fotografia.<\/p>\n<p style=\"text-align: center;\"><a href=\"https:\/\/photos.app.goo.gl\/BaX2qLwb7s1y4gRL8\" target=\"_blank\" rel=\"noopener\"><img loading=\"lazy\" decoding=\"async\" class=\"alignnone size-full wp-image-6980\" src=\"https:\/\/agora.xtec.cat\/zer-pedrera\/wp-content\/uploads\/usu1473\/2023\/05\/6180xl.jpg\" alt=\"\" width=\"400\" height=\"267\" srcset=\"https:\/\/agora.xtec.cat\/zer-pedrera\/wp-content\/uploads\/usu1473\/2023\/05\/6180xl.jpg 400w, https:\/\/agora.xtec.cat\/zer-pedrera\/wp-content\/uploads\/usu1473\/2023\/05\/6180xl-300x200.jpg 300w\" sizes=\"auto, (max-width: 400px) 100vw, 400px\" \/><\/a><\/p>\n","protected":false},"excerpt":{"rendered":"<p>El dia 29 i 30 de maig l&#8217;alumnat de la\u00a0ZER\u00a0Pedrera han anat a la Finca La Capella, ubicada a l&#8217;Espluga Francol\u00ed-Poblet. Han gaudit de dos dies on han fet excursions per l&#8217;entorn m\u00e9s proper, han fet esport i jocs cooperatius, activitats amb llengua anglesa, han&hellip;  <a href=\"https:\/\/agora.xtec.cat\/zer-pedrera\/general\/zer-pedrera-les-colonies\/\" title=\"Read ZER Pedrera. Les col\u00f2nies\">Llegeix m\u00e9s\u00bb<\/a><\/p>\n","protected":false},"author":1,"featured_media":6980,"comment_status":"open","ping_status":"closed","sticky":false,"template":"","format":"standard","meta":{"_bbp_topic_count":0,"_bbp_reply_count":0,"_bbp_total_topic_count":0,"_bbp_total_reply_count":0,"_bbp_voice_count":0,"_bbp_anonymous_reply_count":0,"_bbp_topic_count_hidden":0,"_bbp_reply_count_hidden":0,"_bbp_forum_subforum_count":0,"footnotes":""},"categories":[113,110,111,1,29,89],"tags":[],"class_list":["post-6979","post","type-post","status-publish","format-standard","has-post-thumbnail","hentry","category-e-infantil","category-escola-abat-ruera","category-escola-porcel-de-cervera","category-general","category-portada","category-primaria"],"post_mailing_queue_ids":[],"_links":{"self":[{"href":"https:\/\/agora.xtec.cat\/zer-pedrera\/wp-json\/wp\/v2\/posts\/6979","targetHints":{"allow":["GET"]}}],"collection":[{"href":"https:\/\/agora.xtec.cat\/zer-pedrera\/wp-json\/wp\/v2\/posts"}],"about":[{"href":"https:\/\/agora.xtec.cat\/zer-pedrera\/wp-json\/wp\/v2\/types\/post"}],"author":[{"embeddable":true,"href":"https:\/\/agora.xtec.cat\/zer-pedrera\/wp-json\/wp\/v2\/users\/1"}],"replies":[{"embeddable":true,"href":"https:\/\/agora.xtec.cat\/zer-pedrera\/wp-json\/wp\/v2\/comments?post=6979"}],"version-history":[{"count":1,"href":"https:\/\/agora.xtec.cat\/zer-pedrera\/wp-json\/wp\/v2\/posts\/6979\/revisions"}],"predecessor-version":[{"id":6981,"href":"https:\/\/agora.xtec.cat\/zer-pedrera\/wp-json\/wp\/v2\/posts\/6979\/revisions\/6981"}],"wp:featuredmedia":[{"embeddable":true,"href":"https:\/\/agora.xtec.cat\/zer-pedrera\/wp-json\/wp\/v2\/media\/6980"}],"wp:attachment":[{"href":"https:\/\/agora.xtec.cat\/zer-pedrera\/wp-json\/wp\/v2\/media?parent=6979"}],"wp:term":[{"taxonomy":"category","embeddable":true,"href":"https:\/\/agora.xtec.cat\/zer-pedrera\/wp-json\/wp\/v2\/categories?post=6979"},{"taxonomy":"post_tag","embeddable":true,"href":"https:\/\/agora.xtec.cat\/zer-pedrera\/wp-json\/wp\/v2\/tags?post=6979"}],"curies":[{"name":"wp","href":"https:\/\/api.w.org\/{rel}","templated":true}]}}