{"id":6978,"date":"2023-05-31T23:28:51","date_gmt":"2023-05-31T21:28:51","guid":{"rendered":"https:\/\/agora.xtec.cat\/zer-pedrera\/?p=6978"},"modified":"2023-05-31T23:29:06","modified_gmt":"2023-05-31T21:29:06","slug":"visitem-la-cooperativa-john-fil-escola-porcel-de-cervera","status":"publish","type":"post","link":"https:\/\/agora.xtec.cat\/zer-pedrera\/general\/visitem-la-cooperativa-john-fil-escola-porcel-de-cervera\/","title":{"rendered":"Visitem la cooperativa John Fil. Escola Porcel de Cervera."},"content":{"rendered":"<p>Divendres passat els nens i nenes de l&#8217;escola vam visitar la cooperativa John Fil. Amb aquesta visita vam voler aprofitar l&#8217;entorn immediat per aprofundir en el treball de les m\u00e0quines, que estem realitzant els petits. I els grans, a m\u00e9s, van poder veure el proc\u00e9s industrial i la import\u00e0ncia de la cooperativa John Fil per a l&#8217;economia del nostre municipi.<\/p>\n<p>La Montse, la mare de la Queralt, juntament amb altres treballadors i treballadores de la f\u00e0brica, ens van anar explicant quin \u00e9s el proc\u00e9s de confecci\u00f3 d&#8217;un jersei des de que els arriba el fil, fins que es posa dins una bossa per portar-lo a la botiga a vendre. Vam poder observar les diferents m\u00e0quines que s&#8217;utilitzen, aix\u00ed com el seu funcionament i vam poder resoldre els dubtes que ens anaven sorgint.<\/p>\n<p>Durant la visita, a m\u00e9s, ens an\u00e0vem trobant familiars dels nens i nenes de l&#8217;escola que hi treballen i que van estar molt contents de veure&#8217;ns!!!! I sabeu qu\u00e8? Doncs que vam marxar molt feli\u00e7os ja que ens van regalar uns &#8220;gorros&#8221; molt bonics!!!!<\/p>\n<p>Moltes gr\u00e0cies per deixar-nos veure la f\u00e0brica i per haver-nos explicat tant b\u00e9 com es fa un jersei!!!! Fins aviat!!!!<\/p>\n<p>Cliqueu en la imatge per veure&#8217;n les fotografies.<\/p>\n<p>&nbsp;<\/p>\n<p style=\"text-align: center;\"><a href=\"https:\/\/photos.app.goo.gl\/EQwbE4QXhCiRnh329\"><img loading=\"lazy\" decoding=\"async\" class=\"alignnone size-full wp-image-6982\" src=\"https:\/\/agora.xtec.cat\/zer-pedrera\/wp-content\/uploads\/usu1473\/2023\/05\/Portada.jpg\" alt=\"\" width=\"500\" height=\"376\" srcset=\"https:\/\/agora.xtec.cat\/zer-pedrera\/wp-content\/uploads\/usu1473\/2023\/05\/Portada.jpg 500w, https:\/\/agora.xtec.cat\/zer-pedrera\/wp-content\/uploads\/usu1473\/2023\/05\/Portada-300x226.jpg 300w, https:\/\/agora.xtec.cat\/zer-pedrera\/wp-content\/uploads\/usu1473\/2023\/05\/Portada-200x150.jpg 200w\" sizes=\"auto, (max-width: 500px) 100vw, 500px\" \/><\/a><\/p>\n","protected":false},"excerpt":{"rendered":"<p>Divendres passat els nens i nenes de l&#8217;escola vam visitar la cooperativa John Fil. Amb aquesta visita vam voler aprofitar l&#8217;entorn immediat per aprofundir en el treball de les m\u00e0quines, que estem realitzant els petits. I els grans, a m\u00e9s, van poder veure el proc\u00e9s&hellip;  <a href=\"https:\/\/agora.xtec.cat\/zer-pedrera\/general\/visitem-la-cooperativa-john-fil-escola-porcel-de-cervera\/\" title=\"Read Visitem la cooperativa John Fil. Escola Porcel de Cervera.\">Llegeix m\u00e9s\u00bb<\/a><\/p>\n","protected":false},"author":1,"featured_media":6982,"comment_status":"open","ping_status":"closed","sticky":false,"template":"","format":"standard","meta":{"_bbp_topic_count":0,"_bbp_reply_count":0,"_bbp_total_topic_count":0,"_bbp_total_reply_count":0,"_bbp_voice_count":0,"_bbp_anonymous_reply_count":0,"_bbp_topic_count_hidden":0,"_bbp_reply_count_hidden":0,"_bbp_forum_subforum_count":0,"footnotes":""},"categories":[113,111,1,29,89],"tags":[],"class_list":["post-6978","post","type-post","status-publish","format-standard","has-post-thumbnail","hentry","category-e-infantil","category-escola-porcel-de-cervera","category-general","category-portada","category-primaria"],"post_mailing_queue_ids":[],"_links":{"self":[{"href":"https:\/\/agora.xtec.cat\/zer-pedrera\/wp-json\/wp\/v2\/posts\/6978","targetHints":{"allow":["GET"]}}],"collection":[{"href":"https:\/\/agora.xtec.cat\/zer-pedrera\/wp-json\/wp\/v2\/posts"}],"about":[{"href":"https:\/\/agora.xtec.cat\/zer-pedrera\/wp-json\/wp\/v2\/types\/post"}],"author":[{"embeddable":true,"href":"https:\/\/agora.xtec.cat\/zer-pedrera\/wp-json\/wp\/v2\/users\/1"}],"replies":[{"embeddable":true,"href":"https:\/\/agora.xtec.cat\/zer-pedrera\/wp-json\/wp\/v2\/comments?post=6978"}],"version-history":[{"count":1,"href":"https:\/\/agora.xtec.cat\/zer-pedrera\/wp-json\/wp\/v2\/posts\/6978\/revisions"}],"predecessor-version":[{"id":6983,"href":"https:\/\/agora.xtec.cat\/zer-pedrera\/wp-json\/wp\/v2\/posts\/6978\/revisions\/6983"}],"wp:featuredmedia":[{"embeddable":true,"href":"https:\/\/agora.xtec.cat\/zer-pedrera\/wp-json\/wp\/v2\/media\/6982"}],"wp:attachment":[{"href":"https:\/\/agora.xtec.cat\/zer-pedrera\/wp-json\/wp\/v2\/media?parent=6978"}],"wp:term":[{"taxonomy":"category","embeddable":true,"href":"https:\/\/agora.xtec.cat\/zer-pedrera\/wp-json\/wp\/v2\/categories?post=6978"},{"taxonomy":"post_tag","embeddable":true,"href":"https:\/\/agora.xtec.cat\/zer-pedrera\/wp-json\/wp\/v2\/tags?post=6978"}],"curies":[{"name":"wp","href":"https:\/\/api.w.org\/{rel}","templated":true}]}}