{"id":6975,"date":"2023-05-31T22:23:21","date_gmt":"2023-05-31T20:23:21","guid":{"rendered":"https:\/\/agora.xtec.cat\/zer-pedrera\/?p=6975"},"modified":"2023-05-31T22:23:21","modified_gmt":"2023-05-31T20:23:21","slug":"zer-pedrera-ciencia-al-carrer","status":"publish","type":"post","link":"https:\/\/agora.xtec.cat\/zer-pedrera\/general\/zer-pedrera-ciencia-al-carrer\/","title":{"rendered":"ZER Pedrera. Ci\u00e8ncia al Carrer"},"content":{"rendered":"<p>El dia 27 de maig l&#8217;alumnat de Cicle Superior de la\u00a0<span class=\"hiddenSpellError\">ZER<\/span>\u00a0Pedrera ha participat en la 16a edici\u00f3 de la Ci\u00e8ncia al Carrer. Ha estat una jornada on docents, alumnat i fam\u00edlies han pogut gaudir d&#8217;un mat\u00ed on la ci\u00e8ncia i l&#8217;intercanvi d&#8217;experi\u00e8ncies han marcat aquesta trobada cient\u00edfica.<br \/>\nPer veure fotografies clicar damunt del cartell.<\/p>\n<p style=\"text-align: center;\"><a href=\"https:\/\/photos.app.goo.gl\/qWV2WMQ4PGZ5khyj6\" target=\"_blank\" rel=\"noopener\"><img loading=\"lazy\" decoding=\"async\" class=\"alignnone  wp-image-6976\" src=\"https:\/\/agora.xtec.cat\/zer-pedrera\/wp-content\/uploads\/usu1473\/2023\/05\/CARTELL-CIENCIA-CARRER-2023-724x1024.jpg\" alt=\"\" width=\"543\" height=\"768\" srcset=\"https:\/\/agora.xtec.cat\/zer-pedrera\/wp-content\/uploads\/usu1473\/2023\/05\/CARTELL-CIENCIA-CARRER-2023-724x1024.jpg 724w, https:\/\/agora.xtec.cat\/zer-pedrera\/wp-content\/uploads\/usu1473\/2023\/05\/CARTELL-CIENCIA-CARRER-2023-212x300.jpg 212w, https:\/\/agora.xtec.cat\/zer-pedrera\/wp-content\/uploads\/usu1473\/2023\/05\/CARTELL-CIENCIA-CARRER-2023-768x1086.jpg 768w, https:\/\/agora.xtec.cat\/zer-pedrera\/wp-content\/uploads\/usu1473\/2023\/05\/CARTELL-CIENCIA-CARRER-2023-1086x1536.jpg 1086w, https:\/\/agora.xtec.cat\/zer-pedrera\/wp-content\/uploads\/usu1473\/2023\/05\/CARTELL-CIENCIA-CARRER-2023.jpg 1131w\" sizes=\"auto, (max-width: 543px) 100vw, 543px\" \/><\/a><\/p>\n","protected":false},"excerpt":{"rendered":"<p>El dia 27 de maig l&#8217;alumnat de Cicle Superior de la\u00a0ZER\u00a0Pedrera ha participat en la 16a edici\u00f3 de la Ci\u00e8ncia al Carrer. Ha estat una jornada on docents, alumnat i fam\u00edlies han pogut gaudir d&#8217;un mat\u00ed on la ci\u00e8ncia i l&#8217;intercanvi d&#8217;experi\u00e8ncies han marcat aquesta&hellip;  <a href=\"https:\/\/agora.xtec.cat\/zer-pedrera\/general\/zer-pedrera-ciencia-al-carrer\/\" title=\"Read ZER Pedrera. Ci\u00e8ncia al Carrer\">Llegeix m\u00e9s\u00bb<\/a><\/p>\n","protected":false},"author":1,"featured_media":6976,"comment_status":"open","ping_status":"closed","sticky":false,"template":"","format":"standard","meta":{"_bbp_topic_count":0,"_bbp_reply_count":0,"_bbp_total_topic_count":0,"_bbp_total_reply_count":0,"_bbp_voice_count":0,"_bbp_anonymous_reply_count":0,"_bbp_topic_count_hidden":0,"_bbp_reply_count_hidden":0,"_bbp_forum_subforum_count":0,"footnotes":""},"categories":[110,111,1,116,29,89],"tags":[],"class_list":["post-6975","post","type-post","status-publish","format-standard","has-post-thumbnail","hentry","category-escola-abat-ruera","category-escola-porcel-de-cervera","category-general","category-medi","category-portada","category-primaria"],"post_mailing_queue_ids":[],"_links":{"self":[{"href":"https:\/\/agora.xtec.cat\/zer-pedrera\/wp-json\/wp\/v2\/posts\/6975","targetHints":{"allow":["GET"]}}],"collection":[{"href":"https:\/\/agora.xtec.cat\/zer-pedrera\/wp-json\/wp\/v2\/posts"}],"about":[{"href":"https:\/\/agora.xtec.cat\/zer-pedrera\/wp-json\/wp\/v2\/types\/post"}],"author":[{"embeddable":true,"href":"https:\/\/agora.xtec.cat\/zer-pedrera\/wp-json\/wp\/v2\/users\/1"}],"replies":[{"embeddable":true,"href":"https:\/\/agora.xtec.cat\/zer-pedrera\/wp-json\/wp\/v2\/comments?post=6975"}],"version-history":[{"count":1,"href":"https:\/\/agora.xtec.cat\/zer-pedrera\/wp-json\/wp\/v2\/posts\/6975\/revisions"}],"predecessor-version":[{"id":6977,"href":"https:\/\/agora.xtec.cat\/zer-pedrera\/wp-json\/wp\/v2\/posts\/6975\/revisions\/6977"}],"wp:featuredmedia":[{"embeddable":true,"href":"https:\/\/agora.xtec.cat\/zer-pedrera\/wp-json\/wp\/v2\/media\/6976"}],"wp:attachment":[{"href":"https:\/\/agora.xtec.cat\/zer-pedrera\/wp-json\/wp\/v2\/media?parent=6975"}],"wp:term":[{"taxonomy":"category","embeddable":true,"href":"https:\/\/agora.xtec.cat\/zer-pedrera\/wp-json\/wp\/v2\/categories?post=6975"},{"taxonomy":"post_tag","embeddable":true,"href":"https:\/\/agora.xtec.cat\/zer-pedrera\/wp-json\/wp\/v2\/tags?post=6975"}],"curies":[{"name":"wp","href":"https:\/\/api.w.org\/{rel}","templated":true}]}}