{"id":6960,"date":"2023-06-06T13:24:01","date_gmt":"2023-06-06T11:24:01","guid":{"rendered":"https:\/\/agora.xtec.cat\/zer-pedrera\/?p=6960"},"modified":"2023-06-06T14:17:53","modified_gmt":"2023-06-06T12:17:53","slug":"infantil-i-ci-porcel-de-cervera-racons-matematics","status":"publish","type":"post","link":"https:\/\/agora.xtec.cat\/zer-pedrera\/general\/infantil-i-ci-porcel-de-cervera-racons-matematics\/","title":{"rendered":"Infantil i CI Porcel de Cervera. Racons matem\u00e0tics"},"content":{"rendered":"<p><span lang=\"CA\">El joc \u00e9s necessari per el desenvolupament dels nostres infants. Aquest no sols ens proporciona experi\u00e8ncies personals per cr\u00e9ixer feli\u00e7os, sin\u00f3 que sovint tamb\u00e9 ens genera aprenentatges. A l&#8217;\u00e0rea de matem\u00e0tiques sabem de la import\u00e0ncia de les activitats manipulatives i cooperatives\u00a0 per aprendre d&#8217;una manera m\u00e9s l\u00fadica. Per aix\u00f2 al llarg del curs, algunes de les sessions setmanals de matem\u00e0tiques de l&#8217;alumnat de CI les hem desenvolupat a trav\u00e9s del joc. En algunes ocasions sols i d&#8217;altres amb als nostres companys-es d&#8217;infantil.<\/span><\/p>\n<p><span lang=\"CA\">Si voleu veure el b\u00e9 que ens ho passem treballant les matem\u00e0tiques cliqueu a sobre de la imatge.<\/span><\/p>\n<p style=\"text-align: center;\"><a href=\"https:\/\/photos.app.goo.gl\/cmovc3ay7EK5rqSS8\"><img loading=\"lazy\" decoding=\"async\" class=\"alignnone size-full wp-image-7019\" src=\"https:\/\/agora.xtec.cat\/zer-pedrera\/wp-content\/uploads\/usu1473\/2023\/06\/portada--rotated.jpg\" alt=\"\" width=\"500\" height=\"667\" srcset=\"https:\/\/agora.xtec.cat\/zer-pedrera\/wp-content\/uploads\/usu1473\/2023\/06\/portada--rotated.jpg 500w, https:\/\/agora.xtec.cat\/zer-pedrera\/wp-content\/uploads\/usu1473\/2023\/06\/portada--225x300.jpg 225w\" sizes=\"auto, (max-width: 500px) 100vw, 500px\" \/><\/a><\/p>\n<p>&nbsp;<\/p>\n","protected":false},"excerpt":{"rendered":"<p>El joc \u00e9s necessari per el desenvolupament dels nostres infants. Aquest no sols ens proporciona experi\u00e8ncies personals per cr\u00e9ixer feli\u00e7os, sin\u00f3 que sovint tamb\u00e9 ens genera aprenentatges. A l&#8217;\u00e0rea de matem\u00e0tiques sabem de la import\u00e0ncia de les activitats manipulatives i cooperatives\u00a0 per aprendre d&#8217;una manera&hellip;  <a href=\"https:\/\/agora.xtec.cat\/zer-pedrera\/general\/infantil-i-ci-porcel-de-cervera-racons-matematics\/\" title=\"Read Infantil i CI Porcel de Cervera. Racons matem\u00e0tics\">Llegeix m\u00e9s\u00bb<\/a><\/p>\n","protected":false},"author":1,"featured_media":7019,"comment_status":"open","ping_status":"closed","sticky":false,"template":"","format":"standard","meta":{"_bbp_topic_count":0,"_bbp_reply_count":0,"_bbp_total_topic_count":0,"_bbp_total_reply_count":0,"_bbp_voice_count":0,"_bbp_anonymous_reply_count":0,"_bbp_topic_count_hidden":0,"_bbp_reply_count_hidden":0,"_bbp_forum_subforum_count":0,"footnotes":""},"categories":[113,111,1,126,29,89],"tags":[],"class_list":["post-6960","post","type-post","status-publish","format-standard","has-post-thumbnail","hentry","category-e-infantil","category-escola-porcel-de-cervera","category-general","category-matematiques","category-portada","category-primaria"],"post_mailing_queue_ids":[],"_links":{"self":[{"href":"https:\/\/agora.xtec.cat\/zer-pedrera\/wp-json\/wp\/v2\/posts\/6960","targetHints":{"allow":["GET"]}}],"collection":[{"href":"https:\/\/agora.xtec.cat\/zer-pedrera\/wp-json\/wp\/v2\/posts"}],"about":[{"href":"https:\/\/agora.xtec.cat\/zer-pedrera\/wp-json\/wp\/v2\/types\/post"}],"author":[{"embeddable":true,"href":"https:\/\/agora.xtec.cat\/zer-pedrera\/wp-json\/wp\/v2\/users\/1"}],"replies":[{"embeddable":true,"href":"https:\/\/agora.xtec.cat\/zer-pedrera\/wp-json\/wp\/v2\/comments?post=6960"}],"version-history":[{"count":3,"href":"https:\/\/agora.xtec.cat\/zer-pedrera\/wp-json\/wp\/v2\/posts\/6960\/revisions"}],"predecessor-version":[{"id":7022,"href":"https:\/\/agora.xtec.cat\/zer-pedrera\/wp-json\/wp\/v2\/posts\/6960\/revisions\/7022"}],"wp:featuredmedia":[{"embeddable":true,"href":"https:\/\/agora.xtec.cat\/zer-pedrera\/wp-json\/wp\/v2\/media\/7019"}],"wp:attachment":[{"href":"https:\/\/agora.xtec.cat\/zer-pedrera\/wp-json\/wp\/v2\/media?parent=6960"}],"wp:term":[{"taxonomy":"category","embeddable":true,"href":"https:\/\/agora.xtec.cat\/zer-pedrera\/wp-json\/wp\/v2\/categories?post=6960"},{"taxonomy":"post_tag","embeddable":true,"href":"https:\/\/agora.xtec.cat\/zer-pedrera\/wp-json\/wp\/v2\/tags?post=6960"}],"curies":[{"name":"wp","href":"https:\/\/api.w.org\/{rel}","templated":true}]}}