{"id":6936,"date":"2023-05-15T00:17:19","date_gmt":"2023-05-14T22:17:19","guid":{"rendered":"https:\/\/agora.xtec.cat\/zer-pedrera\/?p=6936"},"modified":"2023-05-15T00:18:51","modified_gmt":"2023-05-14T22:18:51","slug":"fem-paper-reciclat-cm-i-cs-escola-porcel-de-cervera","status":"publish","type":"post","link":"https:\/\/agora.xtec.cat\/zer-pedrera\/general\/fem-paper-reciclat-cm-i-cs-escola-porcel-de-cervera\/","title":{"rendered":"Fem paper reciclat. CM i CS escola Porcel de Cervera."},"content":{"rendered":"<p>Ja fa uns dies que vam dedicar les hores de pl\u00e0stica a realitzar punts de llibre. Una de les t\u00e8cniques que van fer servir els nens i les nenes de CM i CS va ser fer paper reciclat fent pasta de paper.<\/p>\n<p>Per a fer-la van utilitzar paper de diari, que van triturar i despr\u00e9s estovar amb aigua. Un cop feta, la van posar en uns sedassos on van premsar-la i li van treure l&#8217;exc\u00e9s d&#8217;aigua. M\u00e9s tard el van deixar assecar, i un cop sec el van tallar i decorar.<\/p>\n<p>Voleu veure&#8217;n el proc\u00e9s? Doncs cliqueu en la imatge.<\/p>\n<p style=\"text-align: center;\"><a href=\"https:\/\/photos.app.goo.gl\/Xnyp4Uns5GtQUnyx5\"><img loading=\"lazy\" decoding=\"async\" class=\"alignnone size-full wp-image-6938\" src=\"https:\/\/agora.xtec.cat\/zer-pedrera\/wp-content\/uploads\/usu1473\/2023\/05\/1-3.jpg\" alt=\"\" width=\"500\" height=\"281\" srcset=\"https:\/\/agora.xtec.cat\/zer-pedrera\/wp-content\/uploads\/usu1473\/2023\/05\/1-3.jpg 500w, https:\/\/agora.xtec.cat\/zer-pedrera\/wp-content\/uploads\/usu1473\/2023\/05\/1-3-300x169.jpg 300w\" sizes=\"auto, (max-width: 500px) 100vw, 500px\" \/><\/a><\/p>\n","protected":false},"excerpt":{"rendered":"<p>Ja fa uns dies que vam dedicar les hores de pl\u00e0stica a realitzar punts de llibre. Una de les t\u00e8cniques que van fer servir els nens i les nenes de CM i CS va ser fer paper reciclat fent pasta de paper.<br \/>\nPer a fer-la van&hellip;  <a href=\"https:\/\/agora.xtec.cat\/zer-pedrera\/general\/fem-paper-reciclat-cm-i-cs-escola-porcel-de-cervera\/\" title=\"Read Fem paper reciclat. CM i CS escola Porcel de Cervera.\">Llegeix m\u00e9s\u00bb<\/a><\/p>\n","protected":false},"author":1,"featured_media":6938,"comment_status":"open","ping_status":"closed","sticky":false,"template":"","format":"standard","meta":{"_bbp_topic_count":0,"_bbp_reply_count":0,"_bbp_total_topic_count":0,"_bbp_total_reply_count":0,"_bbp_voice_count":0,"_bbp_anonymous_reply_count":0,"_bbp_topic_count_hidden":0,"_bbp_reply_count_hidden":0,"_bbp_forum_subforum_count":0,"footnotes":""},"categories":[111,1,119,29,89],"tags":[],"class_list":["post-6936","post","type-post","status-publish","format-standard","has-post-thumbnail","hentry","category-escola-porcel-de-cervera","category-general","category-plastica","category-portada","category-primaria"],"post_mailing_queue_ids":[],"_links":{"self":[{"href":"https:\/\/agora.xtec.cat\/zer-pedrera\/wp-json\/wp\/v2\/posts\/6936","targetHints":{"allow":["GET"]}}],"collection":[{"href":"https:\/\/agora.xtec.cat\/zer-pedrera\/wp-json\/wp\/v2\/posts"}],"about":[{"href":"https:\/\/agora.xtec.cat\/zer-pedrera\/wp-json\/wp\/v2\/types\/post"}],"author":[{"embeddable":true,"href":"https:\/\/agora.xtec.cat\/zer-pedrera\/wp-json\/wp\/v2\/users\/1"}],"replies":[{"embeddable":true,"href":"https:\/\/agora.xtec.cat\/zer-pedrera\/wp-json\/wp\/v2\/comments?post=6936"}],"version-history":[{"count":2,"href":"https:\/\/agora.xtec.cat\/zer-pedrera\/wp-json\/wp\/v2\/posts\/6936\/revisions"}],"predecessor-version":[{"id":6940,"href":"https:\/\/agora.xtec.cat\/zer-pedrera\/wp-json\/wp\/v2\/posts\/6936\/revisions\/6940"}],"wp:featuredmedia":[{"embeddable":true,"href":"https:\/\/agora.xtec.cat\/zer-pedrera\/wp-json\/wp\/v2\/media\/6938"}],"wp:attachment":[{"href":"https:\/\/agora.xtec.cat\/zer-pedrera\/wp-json\/wp\/v2\/media?parent=6936"}],"wp:term":[{"taxonomy":"category","embeddable":true,"href":"https:\/\/agora.xtec.cat\/zer-pedrera\/wp-json\/wp\/v2\/categories?post=6936"},{"taxonomy":"post_tag","embeddable":true,"href":"https:\/\/agora.xtec.cat\/zer-pedrera\/wp-json\/wp\/v2\/tags?post=6936"}],"curies":[{"name":"wp","href":"https:\/\/api.w.org\/{rel}","templated":true}]}}