{"id":6930,"date":"2023-05-15T00:05:07","date_gmt":"2023-05-14T22:05:07","guid":{"rendered":"https:\/\/agora.xtec.cat\/zer-pedrera\/?p=6930"},"modified":"2023-05-15T00:06:44","modified_gmt":"2023-05-14T22:06:44","slug":"jornada-esportiva-escola-porcel-de-cervera","status":"publish","type":"post","link":"https:\/\/agora.xtec.cat\/zer-pedrera\/portada\/jornada-esportiva-escola-porcel-de-cervera\/","title":{"rendered":"Jornada esportiva. Escola Porcel de Cervera."},"content":{"rendered":"<p>Aquest divendres vam realitzar la jornada esportiva a la nostra escola, un dia en el qual l&#8217;esport \u00e9s el protagonista.<\/p>\n<p>Els nens i nenes d&#8217;Educaci\u00f3 Prim\u00e0ria van dedicar el mat\u00ed a fer una bicicletada fins a la masia de l&#8217;Emili i la Teresa on vam poder observar plantes estranyes i cactus, vam poder donar de menjar als animals, vam collir cireres,&#8230; Molt\u00edssimes gr\u00e0cies per acollir-nos Teresa i Emili!!!!<\/p>\n<p>Els\u00a0 petits de l&#8217;escola vam realitzar activitats en l&#8217;escola i els seus voltants. Vam passar una molt bona estona amb les balance bike que ens va deixar el Consell Esportiu, amb les seves bicicletes i en els jardins Verge de Montserrat, on vam jugar a l&#8217;hora del pati.<\/p>\n<p>A la tarda vam poder gaudir, per classes, de les balance bike.<\/p>\n<p>Va ser una jornada l\u00fadico-esportiva que ens va agradar molt!!!!<\/p>\n<p>Si voleu veure&#8217;n les imatges cliqueu en la fotografia.<\/p>\n<p style=\"text-align: center;\"><a href=\"https:\/\/photos.app.goo.gl\/d589mtEJ31NdorjM8\"><img loading=\"lazy\" decoding=\"async\" class=\"alignnone size-full wp-image-6933\" src=\"https:\/\/agora.xtec.cat\/zer-pedrera\/wp-content\/uploads\/usu1473\/2023\/05\/2.jpg\" alt=\"\" width=\"500\" height=\"281\" srcset=\"https:\/\/agora.xtec.cat\/zer-pedrera\/wp-content\/uploads\/usu1473\/2023\/05\/2.jpg 500w, https:\/\/agora.xtec.cat\/zer-pedrera\/wp-content\/uploads\/usu1473\/2023\/05\/2-300x169.jpg 300w\" sizes=\"auto, (max-width: 500px) 100vw, 500px\" \/><\/a><\/p>\n","protected":false},"excerpt":{"rendered":"<p>Aquest divendres vam realitzar la jornada esportiva a la nostra escola, un dia en el qual l&#8217;esport \u00e9s el protagonista.<br \/>\nEls nens i nenes d&#8217;Educaci\u00f3 Prim\u00e0ria van dedicar el mat\u00ed a fer una bicicletada fins a la masia de l&#8217;Emili i la Teresa on vam poder&hellip;  <a href=\"https:\/\/agora.xtec.cat\/zer-pedrera\/portada\/jornada-esportiva-escola-porcel-de-cervera\/\" title=\"Read Jornada esportiva. Escola Porcel de Cervera.\">Llegeix m\u00e9s\u00bb<\/a><\/p>\n","protected":false},"author":1,"featured_media":6933,"comment_status":"open","ping_status":"closed","sticky":false,"template":"","format":"standard","meta":{"_bbp_topic_count":0,"_bbp_reply_count":0,"_bbp_total_topic_count":0,"_bbp_total_reply_count":0,"_bbp_voice_count":0,"_bbp_anonymous_reply_count":0,"_bbp_topic_count_hidden":0,"_bbp_reply_count_hidden":0,"_bbp_forum_subforum_count":0,"footnotes":""},"categories":[113,111,29,89],"tags":[],"class_list":["post-6930","post","type-post","status-publish","format-standard","has-post-thumbnail","hentry","category-e-infantil","category-escola-porcel-de-cervera","category-portada","category-primaria"],"post_mailing_queue_ids":[],"_links":{"self":[{"href":"https:\/\/agora.xtec.cat\/zer-pedrera\/wp-json\/wp\/v2\/posts\/6930","targetHints":{"allow":["GET"]}}],"collection":[{"href":"https:\/\/agora.xtec.cat\/zer-pedrera\/wp-json\/wp\/v2\/posts"}],"about":[{"href":"https:\/\/agora.xtec.cat\/zer-pedrera\/wp-json\/wp\/v2\/types\/post"}],"author":[{"embeddable":true,"href":"https:\/\/agora.xtec.cat\/zer-pedrera\/wp-json\/wp\/v2\/users\/1"}],"replies":[{"embeddable":true,"href":"https:\/\/agora.xtec.cat\/zer-pedrera\/wp-json\/wp\/v2\/comments?post=6930"}],"version-history":[{"count":3,"href":"https:\/\/agora.xtec.cat\/zer-pedrera\/wp-json\/wp\/v2\/posts\/6930\/revisions"}],"predecessor-version":[{"id":6937,"href":"https:\/\/agora.xtec.cat\/zer-pedrera\/wp-json\/wp\/v2\/posts\/6930\/revisions\/6937"}],"wp:featuredmedia":[{"embeddable":true,"href":"https:\/\/agora.xtec.cat\/zer-pedrera\/wp-json\/wp\/v2\/media\/6933"}],"wp:attachment":[{"href":"https:\/\/agora.xtec.cat\/zer-pedrera\/wp-json\/wp\/v2\/media?parent=6930"}],"wp:term":[{"taxonomy":"category","embeddable":true,"href":"https:\/\/agora.xtec.cat\/zer-pedrera\/wp-json\/wp\/v2\/categories?post=6930"},{"taxonomy":"post_tag","embeddable":true,"href":"https:\/\/agora.xtec.cat\/zer-pedrera\/wp-json\/wp\/v2\/tags?post=6930"}],"curies":[{"name":"wp","href":"https:\/\/api.w.org\/{rel}","templated":true}]}}