{"id":6911,"date":"2023-05-06T11:31:31","date_gmt":"2023-05-06T09:31:31","guid":{"rendered":"https:\/\/agora.xtec.cat\/zer-pedrera\/?p=6911"},"modified":"2023-05-06T11:31:31","modified_gmt":"2023-05-06T09:31:31","slug":"ci-i-cs-de-lescola-abat-ruera-medi-ambient","status":"publish","type":"post","link":"https:\/\/agora.xtec.cat\/zer-pedrera\/general\/ci-i-cs-de-lescola-abat-ruera-medi-ambient\/","title":{"rendered":"CI i CS de l&#8217;escola Abat Ruera. Medi ambient"},"content":{"rendered":"<p>Aquest divendres l&#8217;alumnat de CI i\u00a0<span class=\"hiddenSpellError\">CS<\/span>\u00a0de l&#8217;escola Abat Ruera han fet una molt bona acci\u00f3 envers el medi ambient: han recollit brossa del nostre entorn m\u00e9s proper. Els alumnes s&#8217;han agrupat amb 4 grups i cada un d&#8217;ells han portat una bossa d&#8217;escombraries. Quan hem comen\u00e7at l&#8217;activitat tots hem pensat que no les\u00a0omplir\u00edem, per\u00f2 per sorpresa nostra no ha estat aix\u00ed.<br \/>\nDespr\u00e9s a l&#8217;aula hem fet\u00a0una reflexi\u00f3\u00a0sobre tot el que hem recollit i de la import\u00e0ncia de respectar i cuidar el nostre entorn.<br \/>\nPer veure m\u00e9s fotografies clicar damunt de la imatge.<\/p>\n<p><a href=\"https:\/\/photos.app.goo.gl\/hneXkiZ4hr8tNWz6A\" target=\"_blank\" rel=\"noopener\"><img loading=\"lazy\" decoding=\"async\" class=\" wp-image-6912 aligncenter\" src=\"https:\/\/agora.xtec.cat\/zer-pedrera\/wp-content\/uploads\/usu1473\/2023\/05\/Medi-Ambient.jpg\" alt=\"\" width=\"358\" height=\"341\" srcset=\"https:\/\/agora.xtec.cat\/zer-pedrera\/wp-content\/uploads\/usu1473\/2023\/05\/Medi-Ambient.jpg 600w, https:\/\/agora.xtec.cat\/zer-pedrera\/wp-content\/uploads\/usu1473\/2023\/05\/Medi-Ambient-300x286.jpg 300w\" sizes=\"auto, (max-width: 358px) 100vw, 358px\" \/><\/a><\/p>\n","protected":false},"excerpt":{"rendered":"<p>Aquest divendres l&#8217;alumnat de CI i\u00a0CS\u00a0de l&#8217;escola Abat Ruera han fet una molt bona acci\u00f3 envers el medi ambient: han recollit brossa del nostre entorn m\u00e9s proper. Els alumnes s&#8217;han agrupat amb 4 grups i cada un d&#8217;ells han portat una bossa d&#8217;escombraries. Quan hem&hellip;  <a href=\"https:\/\/agora.xtec.cat\/zer-pedrera\/general\/ci-i-cs-de-lescola-abat-ruera-medi-ambient\/\" title=\"Read CI i CS de l&#8217;escola Abat Ruera. Medi ambient\">Llegeix m\u00e9s\u00bb<\/a><\/p>\n","protected":false},"author":1,"featured_media":6912,"comment_status":"open","ping_status":"closed","sticky":false,"template":"","format":"standard","meta":{"_bbp_topic_count":0,"_bbp_reply_count":0,"_bbp_total_topic_count":0,"_bbp_total_reply_count":0,"_bbp_voice_count":0,"_bbp_anonymous_reply_count":0,"_bbp_topic_count_hidden":0,"_bbp_reply_count_hidden":0,"_bbp_forum_subforum_count":0,"footnotes":""},"categories":[110,1,116,29,89],"tags":[],"class_list":["post-6911","post","type-post","status-publish","format-standard","has-post-thumbnail","hentry","category-escola-abat-ruera","category-general","category-medi","category-portada","category-primaria"],"post_mailing_queue_ids":[],"_links":{"self":[{"href":"https:\/\/agora.xtec.cat\/zer-pedrera\/wp-json\/wp\/v2\/posts\/6911","targetHints":{"allow":["GET"]}}],"collection":[{"href":"https:\/\/agora.xtec.cat\/zer-pedrera\/wp-json\/wp\/v2\/posts"}],"about":[{"href":"https:\/\/agora.xtec.cat\/zer-pedrera\/wp-json\/wp\/v2\/types\/post"}],"author":[{"embeddable":true,"href":"https:\/\/agora.xtec.cat\/zer-pedrera\/wp-json\/wp\/v2\/users\/1"}],"replies":[{"embeddable":true,"href":"https:\/\/agora.xtec.cat\/zer-pedrera\/wp-json\/wp\/v2\/comments?post=6911"}],"version-history":[{"count":1,"href":"https:\/\/agora.xtec.cat\/zer-pedrera\/wp-json\/wp\/v2\/posts\/6911\/revisions"}],"predecessor-version":[{"id":6913,"href":"https:\/\/agora.xtec.cat\/zer-pedrera\/wp-json\/wp\/v2\/posts\/6911\/revisions\/6913"}],"wp:featuredmedia":[{"embeddable":true,"href":"https:\/\/agora.xtec.cat\/zer-pedrera\/wp-json\/wp\/v2\/media\/6912"}],"wp:attachment":[{"href":"https:\/\/agora.xtec.cat\/zer-pedrera\/wp-json\/wp\/v2\/media?parent=6911"}],"wp:term":[{"taxonomy":"category","embeddable":true,"href":"https:\/\/agora.xtec.cat\/zer-pedrera\/wp-json\/wp\/v2\/categories?post=6911"},{"taxonomy":"post_tag","embeddable":true,"href":"https:\/\/agora.xtec.cat\/zer-pedrera\/wp-json\/wp\/v2\/tags?post=6911"}],"curies":[{"name":"wp","href":"https:\/\/api.w.org\/{rel}","templated":true}]}}