{"id":6892,"date":"2023-05-03T16:35:38","date_gmt":"2023-05-03T14:35:38","guid":{"rendered":"https:\/\/agora.xtec.cat\/zer-pedrera\/?p=6892"},"modified":"2023-05-03T16:35:38","modified_gmt":"2023-05-03T14:35:38","slug":"escola-abat-ruera-contacontes","status":"publish","type":"post","link":"https:\/\/agora.xtec.cat\/zer-pedrera\/general\/escola-abat-ruera-contacontes\/","title":{"rendered":"Escola Abat Ruera. Contacontes"},"content":{"rendered":"<p>&nbsp;<\/p>\n<p>Enguany tenim la gran sort de tenir una contacontes professional a l&#8217;escola Abat Ruera. Aquest fet ens permet\u00a0gaudir\u00a0de narracions orals de contes cl\u00e0ssics, moderns i\u00a0inventats. L&#8217;alumnat s&#8217;ho passa d&#8217;all\u00f2 m\u00e9s b\u00e9 escoltant a la nostra contacontes.<br \/>\nAquesta setmana els alumnes han gaudit de molts contes, per\u00f2 un en especial els ha encantat! Una hist\u00f2ria sobre l&#8217;empatia!<\/p>\n<p><a href=\"https:\/\/photos.app.goo.gl\/r1B4b6goB8eCRRkP8\" target=\"_blank\" rel=\"noopener\"><img loading=\"lazy\" decoding=\"async\" class=\"size-large wp-image-6893 aligncenter\" src=\"https:\/\/agora.xtec.cat\/zer-pedrera\/wp-content\/uploads\/usu1473\/2023\/05\/1682694975246-498x1024.jpg\" alt=\"\" width=\"498\" height=\"1024\" srcset=\"https:\/\/agora.xtec.cat\/zer-pedrera\/wp-content\/uploads\/usu1473\/2023\/05\/1682694975246-498x1024.jpg 498w, https:\/\/agora.xtec.cat\/zer-pedrera\/wp-content\/uploads\/usu1473\/2023\/05\/1682694975246-146x300.jpg 146w, https:\/\/agora.xtec.cat\/zer-pedrera\/wp-content\/uploads\/usu1473\/2023\/05\/1682694975246.jpg 500w\" sizes=\"auto, (max-width: 498px) 100vw, 498px\" \/><\/a><\/p>\n","protected":false},"excerpt":{"rendered":"<p>&nbsp;<br \/>\nEnguany tenim la gran sort de tenir una contacontes professional a l&#8217;escola Abat Ruera. Aquest fet ens permet\u00a0gaudir\u00a0de narracions orals de contes cl\u00e0ssics, moderns i\u00a0inventats. L&#8217;alumnat s&#8217;ho passa d&#8217;all\u00f2 m\u00e9s b\u00e9 escoltant a la nostra contacontes.<br \/>\nAquesta setmana els alumnes han gaudit de molts contes, per\u00f2&hellip;  <a href=\"https:\/\/agora.xtec.cat\/zer-pedrera\/general\/escola-abat-ruera-contacontes\/\" title=\"Read Escola Abat Ruera. Contacontes\">Llegeix m\u00e9s\u00bb<\/a><\/p>\n","protected":false},"author":1,"featured_media":6893,"comment_status":"open","ping_status":"closed","sticky":false,"template":"","format":"standard","meta":{"_bbp_topic_count":0,"_bbp_reply_count":0,"_bbp_total_topic_count":0,"_bbp_total_reply_count":0,"_bbp_voice_count":0,"_bbp_anonymous_reply_count":0,"_bbp_topic_count_hidden":0,"_bbp_reply_count_hidden":0,"_bbp_forum_subforum_count":0,"footnotes":""},"categories":[125,113,110,1,29,89,120],"tags":[],"class_list":["post-6892","post","type-post","status-publish","format-standard","has-post-thumbnail","hentry","category-catala","category-e-infantil","category-escola-abat-ruera","category-general","category-portada","category-primaria","category-projectes"],"post_mailing_queue_ids":[],"_links":{"self":[{"href":"https:\/\/agora.xtec.cat\/zer-pedrera\/wp-json\/wp\/v2\/posts\/6892","targetHints":{"allow":["GET"]}}],"collection":[{"href":"https:\/\/agora.xtec.cat\/zer-pedrera\/wp-json\/wp\/v2\/posts"}],"about":[{"href":"https:\/\/agora.xtec.cat\/zer-pedrera\/wp-json\/wp\/v2\/types\/post"}],"author":[{"embeddable":true,"href":"https:\/\/agora.xtec.cat\/zer-pedrera\/wp-json\/wp\/v2\/users\/1"}],"replies":[{"embeddable":true,"href":"https:\/\/agora.xtec.cat\/zer-pedrera\/wp-json\/wp\/v2\/comments?post=6892"}],"version-history":[{"count":1,"href":"https:\/\/agora.xtec.cat\/zer-pedrera\/wp-json\/wp\/v2\/posts\/6892\/revisions"}],"predecessor-version":[{"id":6894,"href":"https:\/\/agora.xtec.cat\/zer-pedrera\/wp-json\/wp\/v2\/posts\/6892\/revisions\/6894"}],"wp:featuredmedia":[{"embeddable":true,"href":"https:\/\/agora.xtec.cat\/zer-pedrera\/wp-json\/wp\/v2\/media\/6893"}],"wp:attachment":[{"href":"https:\/\/agora.xtec.cat\/zer-pedrera\/wp-json\/wp\/v2\/media?parent=6892"}],"wp:term":[{"taxonomy":"category","embeddable":true,"href":"https:\/\/agora.xtec.cat\/zer-pedrera\/wp-json\/wp\/v2\/categories?post=6892"},{"taxonomy":"post_tag","embeddable":true,"href":"https:\/\/agora.xtec.cat\/zer-pedrera\/wp-json\/wp\/v2\/tags?post=6892"}],"curies":[{"name":"wp","href":"https:\/\/api.w.org\/{rel}","templated":true}]}}