{"id":6885,"date":"2023-05-03T16:03:23","date_gmt":"2023-05-03T14:03:23","guid":{"rendered":"https:\/\/agora.xtec.cat\/zer-pedrera\/?p=6885"},"modified":"2023-05-03T16:37:40","modified_gmt":"2023-05-03T14:37:40","slug":"escola-abat-ruera-josep-vallverdu-100-anys","status":"publish","type":"post","link":"https:\/\/agora.xtec.cat\/zer-pedrera\/general\/escola-abat-ruera-josep-vallverdu-100-anys\/","title":{"rendered":"Escola Abat Ruera. Josep Vallverd\u00fa, 100 anys!"},"content":{"rendered":"<p>Durant unes setmanes tot l&#8217;alumnat de l&#8217;escola Abat Ruera de Puiggr\u00f2s hem celebrat el centenari del nostre escriptor Josep Vallverd\u00fa. Ens hem unit al lema &#8220;Ens salvem pels mots&#8221; que ha impulsat el Departament de Cultura. Hem creat un espai on l&#8217;alumnat ha pogut con\u00e8ixer curiositats de la seva vida personal i professional. Ens hem centrat sobretot en una de les seves obres m\u00e9s conegudes &#8220;El Rovell\u00f3&#8221;.<br \/>\nPer veure alguna de les activitats clicar damunt de la imatge.<\/p>\n<p><a href=\"https:\/\/agora.xtec.cat\/zer-pedrera\/wp-content\/uploads\/usu1473\/2023\/05\/1681235495008-scaled.jpeg\"><img loading=\"lazy\" decoding=\"async\" class=\"alignnone size-large wp-image-6886\" src=\"https:\/\/agora.xtec.cat\/zer-pedrera\/wp-content\/uploads\/usu1473\/2023\/05\/1681235495008-1024x638.jpeg\" alt=\"\" width=\"1024\" height=\"638\" srcset=\"https:\/\/agora.xtec.cat\/zer-pedrera\/wp-content\/uploads\/usu1473\/2023\/05\/1681235495008-1024x638.jpeg 1024w, https:\/\/agora.xtec.cat\/zer-pedrera\/wp-content\/uploads\/usu1473\/2023\/05\/1681235495008-300x187.jpeg 300w, https:\/\/agora.xtec.cat\/zer-pedrera\/wp-content\/uploads\/usu1473\/2023\/05\/1681235495008-768x478.jpeg 768w, https:\/\/agora.xtec.cat\/zer-pedrera\/wp-content\/uploads\/usu1473\/2023\/05\/1681235495008-1536x956.jpeg 1536w, https:\/\/agora.xtec.cat\/zer-pedrera\/wp-content\/uploads\/usu1473\/2023\/05\/1681235495008-2048x1275.jpeg 2048w\" sizes=\"auto, (max-width: 1024px) 100vw, 1024px\" \/><\/a><\/p>\n","protected":false},"excerpt":{"rendered":"<p>Durant unes setmanes tot l&#8217;alumnat de l&#8217;escola Abat Ruera de Puiggr\u00f2s hem celebrat el centenari del nostre escriptor Josep Vallverd\u00fa. Ens hem unit al lema &#8220;Ens salvem pels mots&#8221; que ha impulsat el Departament de Cultura. Hem creat un espai on l&#8217;alumnat ha pogut con\u00e8ixer&hellip;  <a href=\"https:\/\/agora.xtec.cat\/zer-pedrera\/general\/escola-abat-ruera-josep-vallverdu-100-anys\/\" title=\"Read Escola Abat Ruera. Josep Vallverd\u00fa, 100 anys!\">Llegeix m\u00e9s\u00bb<\/a><\/p>\n","protected":false},"author":1,"featured_media":6886,"comment_status":"open","ping_status":"closed","sticky":false,"template":"","format":"standard","meta":{"_bbp_topic_count":0,"_bbp_reply_count":0,"_bbp_total_topic_count":0,"_bbp_total_reply_count":0,"_bbp_voice_count":0,"_bbp_anonymous_reply_count":0,"_bbp_topic_count_hidden":0,"_bbp_reply_count_hidden":0,"_bbp_forum_subforum_count":0,"footnotes":""},"categories":[113,110,1,29,89],"tags":[],"class_list":["post-6885","post","type-post","status-publish","format-standard","has-post-thumbnail","hentry","category-e-infantil","category-escola-abat-ruera","category-general","category-portada","category-primaria"],"post_mailing_queue_ids":[],"_links":{"self":[{"href":"https:\/\/agora.xtec.cat\/zer-pedrera\/wp-json\/wp\/v2\/posts\/6885","targetHints":{"allow":["GET"]}}],"collection":[{"href":"https:\/\/agora.xtec.cat\/zer-pedrera\/wp-json\/wp\/v2\/posts"}],"about":[{"href":"https:\/\/agora.xtec.cat\/zer-pedrera\/wp-json\/wp\/v2\/types\/post"}],"author":[{"embeddable":true,"href":"https:\/\/agora.xtec.cat\/zer-pedrera\/wp-json\/wp\/v2\/users\/1"}],"replies":[{"embeddable":true,"href":"https:\/\/agora.xtec.cat\/zer-pedrera\/wp-json\/wp\/v2\/comments?post=6885"}],"version-history":[{"count":2,"href":"https:\/\/agora.xtec.cat\/zer-pedrera\/wp-json\/wp\/v2\/posts\/6885\/revisions"}],"predecessor-version":[{"id":6891,"href":"https:\/\/agora.xtec.cat\/zer-pedrera\/wp-json\/wp\/v2\/posts\/6885\/revisions\/6891"}],"wp:featuredmedia":[{"embeddable":true,"href":"https:\/\/agora.xtec.cat\/zer-pedrera\/wp-json\/wp\/v2\/media\/6886"}],"wp:attachment":[{"href":"https:\/\/agora.xtec.cat\/zer-pedrera\/wp-json\/wp\/v2\/media?parent=6885"}],"wp:term":[{"taxonomy":"category","embeddable":true,"href":"https:\/\/agora.xtec.cat\/zer-pedrera\/wp-json\/wp\/v2\/categories?post=6885"},{"taxonomy":"post_tag","embeddable":true,"href":"https:\/\/agora.xtec.cat\/zer-pedrera\/wp-json\/wp\/v2\/tags?post=6885"}],"curies":[{"name":"wp","href":"https:\/\/api.w.org\/{rel}","templated":true}]}}