{"id":6865,"date":"2023-04-24T20:52:23","date_gmt":"2023-04-24T18:52:23","guid":{"rendered":"https:\/\/agora.xtec.cat\/zer-pedrera\/?p=6865"},"modified":"2023-04-24T20:52:23","modified_gmt":"2023-04-24T18:52:23","slug":"ci-cm-i-cs-de-lescola-abat-ruera-manualitats-de-sant-jordi","status":"publish","type":"post","link":"https:\/\/agora.xtec.cat\/zer-pedrera\/general\/ci-cm-i-cs-de-lescola-abat-ruera-manualitats-de-sant-jordi\/","title":{"rendered":"CI, CM i CS de l&#8217;escola Abat Ruera. Manualitats de sant Jordi"},"content":{"rendered":"<p>En les sessions d&#8217;Educaci\u00f3 Pl\u00e0stica l&#8217;alumnat d&#8217;Educaci\u00f3 Prim\u00e0ria han fet uns detalls molt bonics per les seves fam\u00edlies; un drac, un punt de llibre i roses. Totes aquestes manualitats han estat fetes amb materials reutilitzables.<\/p>\n<p>Per veure m\u00e9s fotografies clicar damunt la imatge.<\/p>\n<p><a href=\"https:\/\/photos.app.goo.gl\/wrrSQ5Q95GQfByuy6\" target=\"_blank\" rel=\"noopener\"><img loading=\"lazy\" decoding=\"async\" class=\"size-full wp-image-6866 aligncenter\" src=\"https:\/\/agora.xtec.cat\/zer-pedrera\/wp-content\/uploads\/usu1473\/2023\/04\/sant-jordi.jpg\" alt=\"\" width=\"600\" height=\"308\" srcset=\"https:\/\/agora.xtec.cat\/zer-pedrera\/wp-content\/uploads\/usu1473\/2023\/04\/sant-jordi.jpg 600w, https:\/\/agora.xtec.cat\/zer-pedrera\/wp-content\/uploads\/usu1473\/2023\/04\/sant-jordi-300x154.jpg 300w\" sizes=\"auto, (max-width: 600px) 100vw, 600px\" \/><\/a>.<\/p>\n<p>&nbsp;<\/p>\n","protected":false},"excerpt":{"rendered":"<p>En les sessions d&#8217;Educaci\u00f3 Pl\u00e0stica l&#8217;alumnat d&#8217;Educaci\u00f3 Prim\u00e0ria han fet uns detalls molt bonics per les seves fam\u00edlies; un drac, un punt de llibre i roses. Totes aquestes manualitats han estat fetes amb materials reutilitzables.<br \/>\nPer veure m\u00e9s fotografies clicar damunt la imatge.<br \/>\n<a href=\"https:\/\/photos.app.goo.gl\/wrrSQ5Q95GQfByuy6\" target=\"_blank\" rel=\"noopener\"><\/a>.<br \/>\n&nbsp;<\/p>\n","protected":false},"author":1,"featured_media":6866,"comment_status":"open","ping_status":"closed","sticky":false,"template":"","format":"standard","meta":{"_bbp_topic_count":0,"_bbp_reply_count":0,"_bbp_total_topic_count":0,"_bbp_total_reply_count":0,"_bbp_voice_count":0,"_bbp_anonymous_reply_count":0,"_bbp_topic_count_hidden":0,"_bbp_reply_count_hidden":0,"_bbp_forum_subforum_count":0,"footnotes":""},"categories":[125,110,1,116,29,89,120],"tags":[],"class_list":["post-6865","post","type-post","status-publish","format-standard","has-post-thumbnail","hentry","category-catala","category-escola-abat-ruera","category-general","category-medi","category-portada","category-primaria","category-projectes"],"post_mailing_queue_ids":[],"_links":{"self":[{"href":"https:\/\/agora.xtec.cat\/zer-pedrera\/wp-json\/wp\/v2\/posts\/6865","targetHints":{"allow":["GET"]}}],"collection":[{"href":"https:\/\/agora.xtec.cat\/zer-pedrera\/wp-json\/wp\/v2\/posts"}],"about":[{"href":"https:\/\/agora.xtec.cat\/zer-pedrera\/wp-json\/wp\/v2\/types\/post"}],"author":[{"embeddable":true,"href":"https:\/\/agora.xtec.cat\/zer-pedrera\/wp-json\/wp\/v2\/users\/1"}],"replies":[{"embeddable":true,"href":"https:\/\/agora.xtec.cat\/zer-pedrera\/wp-json\/wp\/v2\/comments?post=6865"}],"version-history":[{"count":1,"href":"https:\/\/agora.xtec.cat\/zer-pedrera\/wp-json\/wp\/v2\/posts\/6865\/revisions"}],"predecessor-version":[{"id":6867,"href":"https:\/\/agora.xtec.cat\/zer-pedrera\/wp-json\/wp\/v2\/posts\/6865\/revisions\/6867"}],"wp:featuredmedia":[{"embeddable":true,"href":"https:\/\/agora.xtec.cat\/zer-pedrera\/wp-json\/wp\/v2\/media\/6866"}],"wp:attachment":[{"href":"https:\/\/agora.xtec.cat\/zer-pedrera\/wp-json\/wp\/v2\/media?parent=6865"}],"wp:term":[{"taxonomy":"category","embeddable":true,"href":"https:\/\/agora.xtec.cat\/zer-pedrera\/wp-json\/wp\/v2\/categories?post=6865"},{"taxonomy":"post_tag","embeddable":true,"href":"https:\/\/agora.xtec.cat\/zer-pedrera\/wp-json\/wp\/v2\/tags?post=6865"}],"curies":[{"name":"wp","href":"https:\/\/api.w.org\/{rel}","templated":true}]}}