{"id":6846,"date":"2023-04-24T11:55:03","date_gmt":"2023-04-24T09:55:03","guid":{"rendered":"https:\/\/agora.xtec.cat\/zer-pedrera\/?p=6846"},"modified":"2023-04-24T11:55:03","modified_gmt":"2023-04-24T09:55:03","slug":"ei-de-lescola-abat-ruera-un-sant-jordi-diferent","status":"publish","type":"post","link":"https:\/\/agora.xtec.cat\/zer-pedrera\/general\/ei-de-lescola-abat-ruera-un-sant-jordi-diferent\/","title":{"rendered":"EI de l&#8217;escola Abat Ruera. Un Sant Jordi diferent"},"content":{"rendered":"<p>L&#8217;alumnat d&#8217;Educaci\u00f3 Infantil han estat uns quants dies preparant amb molta il\u00b7lusi\u00f3 i ganes la representaci\u00f3 de la llegenda de sant Jordi. Com s\u00f3n uns alumnes molt creatius han volgut fer una &#8220;adaptaci\u00f3&#8221; de la llegenda.<br \/>\nUna princesa?, doncs, no!!!! Moltes!!!<br \/>\nUn drac ferotge i malvat?\u00a0<span class=\"hiddenSpellError\">Noooo<\/span>. Diferent i bo.<\/p>\n<p>Hem de\u00a0felicitar els\u00a0nostres petits actors i actrius perqu\u00e8 ho van fer molt b\u00e9 i tots nosaltres vam gaudir d&#8217;una estoneta de teatre molt agradable.<\/p>\n<p>Per veure m\u00e9s fotografies clicar damunt de la imatge.<\/p>\n<p><a href=\"https:\/\/photos.app.goo.gl\/UYAfLsq37ee983zE6\" target=\"_blank\" rel=\"noopener\"><img loading=\"lazy\" decoding=\"async\" class=\"wp-image-6853 aligncenter\" src=\"https:\/\/agora.xtec.cat\/zer-pedrera\/wp-content\/uploads\/usu1473\/2023\/04\/1682265485647.jpg\" alt=\"\" width=\"658\" height=\"494\" srcset=\"https:\/\/agora.xtec.cat\/zer-pedrera\/wp-content\/uploads\/usu1473\/2023\/04\/1682265485647.jpg 1024w, https:\/\/agora.xtec.cat\/zer-pedrera\/wp-content\/uploads\/usu1473\/2023\/04\/1682265485647-300x225.jpg 300w, https:\/\/agora.xtec.cat\/zer-pedrera\/wp-content\/uploads\/usu1473\/2023\/04\/1682265485647-768x576.jpg 768w, https:\/\/agora.xtec.cat\/zer-pedrera\/wp-content\/uploads\/usu1473\/2023\/04\/1682265485647-200x150.jpg 200w\" sizes=\"auto, (max-width: 658px) 100vw, 658px\" \/><\/a><\/p>\n","protected":false},"excerpt":{"rendered":"<p>L&#8217;alumnat d&#8217;Educaci\u00f3 Infantil han estat uns quants dies preparant amb molta il\u00b7lusi\u00f3 i ganes la representaci\u00f3 de la llegenda de sant Jordi. Com s\u00f3n uns alumnes molt creatius han volgut fer una &#8220;adaptaci\u00f3&#8221; de la llegenda.<br \/>\nUna princesa?, doncs, no!!!! Moltes!!!<br \/>\nUn drac ferotge i malvat?\u00a0Noooo. Diferent&hellip;  <a href=\"https:\/\/agora.xtec.cat\/zer-pedrera\/general\/ei-de-lescola-abat-ruera-un-sant-jordi-diferent\/\" title=\"Read EI de l&#8217;escola Abat Ruera. Un Sant Jordi diferent\">Llegeix m\u00e9s\u00bb<\/a><\/p>\n","protected":false},"author":1,"featured_media":6853,"comment_status":"open","ping_status":"closed","sticky":false,"template":"","format":"standard","meta":{"_bbp_topic_count":0,"_bbp_reply_count":0,"_bbp_total_topic_count":0,"_bbp_total_reply_count":0,"_bbp_voice_count":0,"_bbp_anonymous_reply_count":0,"_bbp_topic_count_hidden":0,"_bbp_reply_count_hidden":0,"_bbp_forum_subforum_count":0,"footnotes":""},"categories":[125,113,110,1,116,29,89],"tags":[],"class_list":["post-6846","post","type-post","status-publish","format-standard","has-post-thumbnail","hentry","category-catala","category-e-infantil","category-escola-abat-ruera","category-general","category-medi","category-portada","category-primaria"],"post_mailing_queue_ids":[],"_links":{"self":[{"href":"https:\/\/agora.xtec.cat\/zer-pedrera\/wp-json\/wp\/v2\/posts\/6846","targetHints":{"allow":["GET"]}}],"collection":[{"href":"https:\/\/agora.xtec.cat\/zer-pedrera\/wp-json\/wp\/v2\/posts"}],"about":[{"href":"https:\/\/agora.xtec.cat\/zer-pedrera\/wp-json\/wp\/v2\/types\/post"}],"author":[{"embeddable":true,"href":"https:\/\/agora.xtec.cat\/zer-pedrera\/wp-json\/wp\/v2\/users\/1"}],"replies":[{"embeddable":true,"href":"https:\/\/agora.xtec.cat\/zer-pedrera\/wp-json\/wp\/v2\/comments?post=6846"}],"version-history":[{"count":1,"href":"https:\/\/agora.xtec.cat\/zer-pedrera\/wp-json\/wp\/v2\/posts\/6846\/revisions"}],"predecessor-version":[{"id":6854,"href":"https:\/\/agora.xtec.cat\/zer-pedrera\/wp-json\/wp\/v2\/posts\/6846\/revisions\/6854"}],"wp:featuredmedia":[{"embeddable":true,"href":"https:\/\/agora.xtec.cat\/zer-pedrera\/wp-json\/wp\/v2\/media\/6853"}],"wp:attachment":[{"href":"https:\/\/agora.xtec.cat\/zer-pedrera\/wp-json\/wp\/v2\/media?parent=6846"}],"wp:term":[{"taxonomy":"category","embeddable":true,"href":"https:\/\/agora.xtec.cat\/zer-pedrera\/wp-json\/wp\/v2\/categories?post=6846"},{"taxonomy":"post_tag","embeddable":true,"href":"https:\/\/agora.xtec.cat\/zer-pedrera\/wp-json\/wp\/v2\/tags?post=6846"}],"curies":[{"name":"wp","href":"https:\/\/api.w.org\/{rel}","templated":true}]}}