{"id":6833,"date":"2023-04-18T14:02:27","date_gmt":"2023-04-18T12:02:27","guid":{"rendered":"https:\/\/agora.xtec.cat\/zer-pedrera\/?p=6833"},"modified":"2023-04-18T16:39:09","modified_gmt":"2023-04-18T14:39:09","slug":"trobada-dels-artistes-a-lespluga-calba","status":"publish","type":"post","link":"https:\/\/agora.xtec.cat\/zer-pedrera\/general\/trobada-dels-artistes-a-lespluga-calba\/","title":{"rendered":"TROBADA DELS ARTISTES A L&#8217;ESPLUGA CALBA"},"content":{"rendered":"<p>Hola a tothom,<\/p>\n<p>El proper divendres 21 d&#8217; abril de 2023, els alumnes de l&#8217; escola Porcel de Cervera (Espluga Calba) juntament amb els alumnes de l &#8216;Abat Ruera (Puiggr\u00f2s) celebrarem una mica de tot;\u00a0 LA TROBADA DELS ARTISTES( b\u00e0sicament), per\u00f2 tamb\u00e9 participarem en tallers relacionats amb Sant Jordi ja que \u00e9s molt a prop. A m\u00e9s a m\u00e9s, gaudirem d&#8217; audicions i gimcanes pel poble, activitats obertes a tothom.<\/p>\n<p>Com que tenim un patrimoni cultural molt apreciat, visitarem el castell espluguenc i tamb\u00e9 l&#8217;utilitzarem com a lloc de concert medieval.<\/p>\n<p>Feu un clic per a veure el cartell\u00a0<a href=\"https:\/\/photos.app.goo.gl\/oBC8AaN91mUbUVrk8\">https:\/\/photos.app.goo.gl\/oBC8AaN91mUbUVrk8<\/a><\/p>\n<p>&nbsp;<\/p>\n","protected":false},"excerpt":{"rendered":"<p>Hola a tothom,<br \/>\nEl proper divendres 21 d&#8217; abril de 2023, els alumnes de l&#8217; escola Porcel de Cervera (Espluga Calba) juntament amb els alumnes de l &#8216;Abat Ruera (Puiggr\u00f2s) celebrarem una mica de tot;\u00a0 LA TROBADA DELS ARTISTES( b\u00e0sicament), per\u00f2 tamb\u00e9 participarem en tallers relacionats&hellip;  <a href=\"https:\/\/agora.xtec.cat\/zer-pedrera\/general\/trobada-dels-artistes-a-lespluga-calba\/\" title=\"Read TROBADA DELS ARTISTES A L&#8217;ESPLUGA CALBA\">Llegeix m\u00e9s\u00bb<\/a><\/p>\n","protected":false},"author":1,"featured_media":6836,"comment_status":"open","ping_status":"closed","sticky":false,"template":"","format":"standard","meta":{"_bbp_topic_count":0,"_bbp_reply_count":0,"_bbp_total_topic_count":0,"_bbp_total_reply_count":0,"_bbp_voice_count":0,"_bbp_anonymous_reply_count":0,"_bbp_topic_count_hidden":0,"_bbp_reply_count_hidden":0,"_bbp_forum_subforum_count":0,"footnotes":""},"categories":[1,29],"tags":[],"class_list":["post-6833","post","type-post","status-publish","format-standard","has-post-thumbnail","hentry","category-general","category-portada"],"post_mailing_queue_ids":[],"_links":{"self":[{"href":"https:\/\/agora.xtec.cat\/zer-pedrera\/wp-json\/wp\/v2\/posts\/6833","targetHints":{"allow":["GET"]}}],"collection":[{"href":"https:\/\/agora.xtec.cat\/zer-pedrera\/wp-json\/wp\/v2\/posts"}],"about":[{"href":"https:\/\/agora.xtec.cat\/zer-pedrera\/wp-json\/wp\/v2\/types\/post"}],"author":[{"embeddable":true,"href":"https:\/\/agora.xtec.cat\/zer-pedrera\/wp-json\/wp\/v2\/users\/1"}],"replies":[{"embeddable":true,"href":"https:\/\/agora.xtec.cat\/zer-pedrera\/wp-json\/wp\/v2\/comments?post=6833"}],"version-history":[{"count":3,"href":"https:\/\/agora.xtec.cat\/zer-pedrera\/wp-json\/wp\/v2\/posts\/6833\/revisions"}],"predecessor-version":[{"id":6838,"href":"https:\/\/agora.xtec.cat\/zer-pedrera\/wp-json\/wp\/v2\/posts\/6833\/revisions\/6838"}],"wp:featuredmedia":[{"embeddable":true,"href":"https:\/\/agora.xtec.cat\/zer-pedrera\/wp-json\/wp\/v2\/media\/6836"}],"wp:attachment":[{"href":"https:\/\/agora.xtec.cat\/zer-pedrera\/wp-json\/wp\/v2\/media?parent=6833"}],"wp:term":[{"taxonomy":"category","embeddable":true,"href":"https:\/\/agora.xtec.cat\/zer-pedrera\/wp-json\/wp\/v2\/categories?post=6833"},{"taxonomy":"post_tag","embeddable":true,"href":"https:\/\/agora.xtec.cat\/zer-pedrera\/wp-json\/wp\/v2\/tags?post=6833"}],"curies":[{"name":"wp","href":"https:\/\/api.w.org\/{rel}","templated":true}]}}