{"id":6828,"date":"2023-04-26T17:29:57","date_gmt":"2023-04-26T15:29:57","guid":{"rendered":"https:\/\/agora.xtec.cat\/zer-pedrera\/?p=6828"},"modified":"2023-04-26T17:29:57","modified_gmt":"2023-04-26T15:29:57","slug":"comiat-de-la-nostra-companya-lluna","status":"publish","type":"post","link":"https:\/\/agora.xtec.cat\/zer-pedrera\/general\/comiat-de-la-nostra-companya-lluna\/","title":{"rendered":"Comiat de la nostra companya Lluna"},"content":{"rendered":"<p>El passat divendres la nostra companya Lluna de 6\u00e8 ens va venir a donar una petita sorpresa per acomiadar-se. Aquest tercer trimestre, per motius personals, ha hagut de marxar a una altra escola. Ens fa molta pena que no pugui acabar el curs amb nosaltres per\u00f2 sabem que ha estat una decisi\u00f3 molt dif\u00edcil necess\u00e0ria per el seu futur.<\/p>\n<p>Et trobarem molt a faltar per\u00f2 sabem que no \u00e9s un ad\u00e9u del tot i que l&#8217;escola sempre seguir\u00e0 tenint les portes obertes per tu! Molta sort i gr\u00e0cies per tots els detalls que ens heu fet arribar fam\u00edlia, ens han fet molta il\u00b7lusi\u00f3, alguns molt riure, per\u00f2 sobretot ens han posat de manifest el detallistes que sou!<\/p>\n<p>Ha estat un plaer tenir-te com a companya i com alumna! Molta sort en aquets nova etapa de part de tots els teus companys-es i mestres!<\/p>\n<p>Si en voleu veure les fotos cliqueu <a href=\"https:\/\/photos.app.goo.gl\/AHeFv7w7z4xRV8dT9\">AQU\u00cd<\/a>.<\/p>\n<p>&nbsp;<\/p>\n<p><a href=\"https:\/\/agora.xtec.cat\/zer-pedrera\/wp-content\/uploads\/usu1473\/2023\/04\/portada-2.jpg\"><img loading=\"lazy\" decoding=\"async\" class=\"wp-image-6829 aligncenter\" src=\"https:\/\/agora.xtec.cat\/zer-pedrera\/wp-content\/uploads\/usu1473\/2023\/04\/portada-2-768x1024.jpg\" alt=\"\" width=\"150\" height=\"200\" srcset=\"https:\/\/agora.xtec.cat\/zer-pedrera\/wp-content\/uploads\/usu1473\/2023\/04\/portada-2-768x1024.jpg 768w, https:\/\/agora.xtec.cat\/zer-pedrera\/wp-content\/uploads\/usu1473\/2023\/04\/portada-2-225x300.jpg 225w, https:\/\/agora.xtec.cat\/zer-pedrera\/wp-content\/uploads\/usu1473\/2023\/04\/portada-2-1152x1536.jpg 1152w, https:\/\/agora.xtec.cat\/zer-pedrera\/wp-content\/uploads\/usu1473\/2023\/04\/portada-2.jpg 1500w\" sizes=\"auto, (max-width: 150px) 100vw, 150px\" \/><\/a><\/p>\n","protected":false},"excerpt":{"rendered":"<p>El passat divendres la nostra companya Lluna de 6\u00e8 ens va venir a donar una petita sorpresa per acomiadar-se. Aquest tercer trimestre, per motius personals, ha hagut de marxar a una altra escola. Ens fa molta pena que no pugui acabar el curs amb nosaltres&hellip;  <a href=\"https:\/\/agora.xtec.cat\/zer-pedrera\/general\/comiat-de-la-nostra-companya-lluna\/\" title=\"Read Comiat de la nostra companya Lluna\">Llegeix m\u00e9s\u00bb<\/a><\/p>\n","protected":false},"author":1,"featured_media":6829,"comment_status":"open","ping_status":"closed","sticky":false,"template":"","format":"standard","meta":{"_bbp_topic_count":0,"_bbp_reply_count":0,"_bbp_total_topic_count":0,"_bbp_total_reply_count":0,"_bbp_voice_count":0,"_bbp_anonymous_reply_count":0,"_bbp_topic_count_hidden":0,"_bbp_reply_count_hidden":0,"_bbp_forum_subforum_count":0,"footnotes":""},"categories":[111,1,29],"tags":[],"class_list":["post-6828","post","type-post","status-publish","format-standard","has-post-thumbnail","hentry","category-escola-porcel-de-cervera","category-general","category-portada"],"post_mailing_queue_ids":[],"_links":{"self":[{"href":"https:\/\/agora.xtec.cat\/zer-pedrera\/wp-json\/wp\/v2\/posts\/6828","targetHints":{"allow":["GET"]}}],"collection":[{"href":"https:\/\/agora.xtec.cat\/zer-pedrera\/wp-json\/wp\/v2\/posts"}],"about":[{"href":"https:\/\/agora.xtec.cat\/zer-pedrera\/wp-json\/wp\/v2\/types\/post"}],"author":[{"embeddable":true,"href":"https:\/\/agora.xtec.cat\/zer-pedrera\/wp-json\/wp\/v2\/users\/1"}],"replies":[{"embeddable":true,"href":"https:\/\/agora.xtec.cat\/zer-pedrera\/wp-json\/wp\/v2\/comments?post=6828"}],"version-history":[{"count":2,"href":"https:\/\/agora.xtec.cat\/zer-pedrera\/wp-json\/wp\/v2\/posts\/6828\/revisions"}],"predecessor-version":[{"id":6878,"href":"https:\/\/agora.xtec.cat\/zer-pedrera\/wp-json\/wp\/v2\/posts\/6828\/revisions\/6878"}],"wp:featuredmedia":[{"embeddable":true,"href":"https:\/\/agora.xtec.cat\/zer-pedrera\/wp-json\/wp\/v2\/media\/6829"}],"wp:attachment":[{"href":"https:\/\/agora.xtec.cat\/zer-pedrera\/wp-json\/wp\/v2\/media?parent=6828"}],"wp:term":[{"taxonomy":"category","embeddable":true,"href":"https:\/\/agora.xtec.cat\/zer-pedrera\/wp-json\/wp\/v2\/categories?post=6828"},{"taxonomy":"post_tag","embeddable":true,"href":"https:\/\/agora.xtec.cat\/zer-pedrera\/wp-json\/wp\/v2\/tags?post=6828"}],"curies":[{"name":"wp","href":"https:\/\/api.w.org\/{rel}","templated":true}]}}