{"id":6821,"date":"2023-04-16T22:54:30","date_gmt":"2023-04-16T20:54:30","guid":{"rendered":"https:\/\/agora.xtec.cat\/zer-pedrera\/?p=6821"},"modified":"2023-04-16T22:57:20","modified_gmt":"2023-04-16T20:57:20","slug":"ci-de-lescola-abat-ruera-ampolla-sensorial","status":"publish","type":"post","link":"https:\/\/agora.xtec.cat\/zer-pedrera\/general\/ci-de-lescola-abat-ruera-ampolla-sensorial\/","title":{"rendered":"CI de l&#8217;escola Abat Ruera. Ampolla sensorial"},"content":{"rendered":"<p>Aquest segon trimestre els alumnes de Cicle Inicial han estat treballant el cos hum\u00e0. Un dels continguts treballats ha estat els sentits. Han fet moltes activitats per consolidar el m\u00f3n dels sentits. Una d&#8217;elles ha estat fer una ampolla sensorial. Aquestes s\u00f3n una eina educativa que permet estimular el desenvolupament infantil, especialment la motricitat fina, la coordinaci\u00f3 m\u00e0-ull, la mem\u00f2ria, l&#8217;atenci\u00f3 i els sentits de la vista, l&#8217;o\u00efda i el tacte.<\/p>\n<p><a href=\"https:\/\/agora.xtec.cat\/zer-pedrera\/wp-content\/uploads\/usu1473\/2023\/04\/1678997979492-scaled.jpeg\"><img loading=\"lazy\" decoding=\"async\" class=\"wp-image-6822 aligncenter\" src=\"https:\/\/agora.xtec.cat\/zer-pedrera\/wp-content\/uploads\/usu1473\/2023\/04\/1678997979492-1024x576.jpeg\" alt=\"\" width=\"629\" height=\"354\" srcset=\"https:\/\/agora.xtec.cat\/zer-pedrera\/wp-content\/uploads\/usu1473\/2023\/04\/1678997979492-1024x576.jpeg 1024w, https:\/\/agora.xtec.cat\/zer-pedrera\/wp-content\/uploads\/usu1473\/2023\/04\/1678997979492-300x169.jpeg 300w, https:\/\/agora.xtec.cat\/zer-pedrera\/wp-content\/uploads\/usu1473\/2023\/04\/1678997979492-768x432.jpeg 768w, https:\/\/agora.xtec.cat\/zer-pedrera\/wp-content\/uploads\/usu1473\/2023\/04\/1678997979492-1536x864.jpeg 1536w, https:\/\/agora.xtec.cat\/zer-pedrera\/wp-content\/uploads\/usu1473\/2023\/04\/1678997979492-2048x1152.jpeg 2048w\" sizes=\"auto, (max-width: 629px) 100vw, 629px\" \/><\/a><\/p>\n","protected":false},"excerpt":{"rendered":"<p>Aquest segon trimestre els alumnes de Cicle Inicial han estat treballant el cos hum\u00e0. Un dels continguts treballats ha estat els sentits. Han fet moltes activitats per consolidar el m\u00f3n dels sentits. Una d&#8217;elles ha estat fer una ampolla sensorial. Aquestes s\u00f3n una eina educativa&hellip;  <a href=\"https:\/\/agora.xtec.cat\/zer-pedrera\/general\/ci-de-lescola-abat-ruera-ampolla-sensorial\/\" title=\"Read CI de l&#8217;escola Abat Ruera. Ampolla sensorial\">Llegeix m\u00e9s\u00bb<\/a><\/p>\n","protected":false},"author":1,"featured_media":6822,"comment_status":"open","ping_status":"closed","sticky":false,"template":"","format":"standard","meta":{"_bbp_topic_count":0,"_bbp_reply_count":0,"_bbp_total_topic_count":0,"_bbp_total_reply_count":0,"_bbp_voice_count":0,"_bbp_anonymous_reply_count":0,"_bbp_topic_count_hidden":0,"_bbp_reply_count_hidden":0,"_bbp_forum_subforum_count":0,"footnotes":""},"categories":[110,1,116,119,29,89],"tags":[],"class_list":["post-6821","post","type-post","status-publish","format-standard","has-post-thumbnail","hentry","category-escola-abat-ruera","category-general","category-medi","category-plastica","category-portada","category-primaria"],"post_mailing_queue_ids":[],"_links":{"self":[{"href":"https:\/\/agora.xtec.cat\/zer-pedrera\/wp-json\/wp\/v2\/posts\/6821","targetHints":{"allow":["GET"]}}],"collection":[{"href":"https:\/\/agora.xtec.cat\/zer-pedrera\/wp-json\/wp\/v2\/posts"}],"about":[{"href":"https:\/\/agora.xtec.cat\/zer-pedrera\/wp-json\/wp\/v2\/types\/post"}],"author":[{"embeddable":true,"href":"https:\/\/agora.xtec.cat\/zer-pedrera\/wp-json\/wp\/v2\/users\/1"}],"replies":[{"embeddable":true,"href":"https:\/\/agora.xtec.cat\/zer-pedrera\/wp-json\/wp\/v2\/comments?post=6821"}],"version-history":[{"count":2,"href":"https:\/\/agora.xtec.cat\/zer-pedrera\/wp-json\/wp\/v2\/posts\/6821\/revisions"}],"predecessor-version":[{"id":6827,"href":"https:\/\/agora.xtec.cat\/zer-pedrera\/wp-json\/wp\/v2\/posts\/6821\/revisions\/6827"}],"wp:featuredmedia":[{"embeddable":true,"href":"https:\/\/agora.xtec.cat\/zer-pedrera\/wp-json\/wp\/v2\/media\/6822"}],"wp:attachment":[{"href":"https:\/\/agora.xtec.cat\/zer-pedrera\/wp-json\/wp\/v2\/media?parent=6821"}],"wp:term":[{"taxonomy":"category","embeddable":true,"href":"https:\/\/agora.xtec.cat\/zer-pedrera\/wp-json\/wp\/v2\/categories?post=6821"},{"taxonomy":"post_tag","embeddable":true,"href":"https:\/\/agora.xtec.cat\/zer-pedrera\/wp-json\/wp\/v2\/tags?post=6821"}],"curies":[{"name":"wp","href":"https:\/\/api.w.org\/{rel}","templated":true}]}}