{"id":6809,"date":"2023-04-16T21:57:16","date_gmt":"2023-04-16T19:57:16","guid":{"rendered":"https:\/\/agora.xtec.cat\/zer-pedrera\/?p=6809"},"modified":"2023-04-16T21:57:16","modified_gmt":"2023-04-16T19:57:16","slug":"escola-abat-ruera-ous-de-pasqua","status":"publish","type":"post","link":"https:\/\/agora.xtec.cat\/zer-pedrera\/general\/escola-abat-ruera-ous-de-pasqua\/","title":{"rendered":"Escola Abat Ruera. Ous de Pasqua"},"content":{"rendered":"<p>Aquest divendres dos alumnes de la nostra escola, el\u00a0<span class=\"hiddenSpellError\">Kasian<\/span>\u00a0i l&#8217;Elisenda, han portat ous tenyits t\u00edpics de la Pasqua del seu pa\u00eds i han explicat als seus companys\/es d&#8217;Educaci\u00f3 Infantil, Cicle Inicial i Cicle Mitj\u00e0 com es fan i qu\u00e8 signifiquen.<br \/>\nTot seguit, l&#8217;alumnat d&#8217;Educaci\u00f3 Infantil han dibuixat les cistelletes amb els ous que han portat el\u00a0<span class=\"hiddenSpellError\">Kasian<\/span>\u00a0i l&#8217;Elisenda.<br \/>\nPer veure m\u00e9s fotografies clicar damunt de la imatge.<\/p>\n<p style=\"text-align: center;\"><a href=\"https:\/\/photos.app.goo.gl\/TjoEoujXwUmWbhtS6\" target=\"_blank\" rel=\"noopener\"><img loading=\"lazy\" decoding=\"async\" class=\"alignnone size-full wp-image-6810\" src=\"https:\/\/agora.xtec.cat\/zer-pedrera\/wp-content\/uploads\/usu1473\/2023\/04\/descarga.jpg\" alt=\"\" width=\"275\" height=\"183\" \/><\/a><\/p>\n","protected":false},"excerpt":{"rendered":"<p>Aquest divendres dos alumnes de la nostra escola, el\u00a0Kasian\u00a0i l&#8217;Elisenda, han portat ous tenyits t\u00edpics de la Pasqua del seu pa\u00eds i han explicat als seus companys\/es d&#8217;Educaci\u00f3 Infantil, Cicle Inicial i Cicle Mitj\u00e0 com es fan i qu\u00e8 signifiquen.<br \/>\nTot seguit, l&#8217;alumnat d&#8217;Educaci\u00f3 Infantil han&hellip;  <a href=\"https:\/\/agora.xtec.cat\/zer-pedrera\/general\/escola-abat-ruera-ous-de-pasqua\/\" title=\"Read Escola Abat Ruera. Ous de Pasqua\">Llegeix m\u00e9s\u00bb<\/a><\/p>\n","protected":false},"author":1,"featured_media":6810,"comment_status":"open","ping_status":"closed","sticky":false,"template":"","format":"standard","meta":{"_bbp_topic_count":0,"_bbp_reply_count":0,"_bbp_total_topic_count":0,"_bbp_total_reply_count":0,"_bbp_voice_count":0,"_bbp_anonymous_reply_count":0,"_bbp_topic_count_hidden":0,"_bbp_reply_count_hidden":0,"_bbp_forum_subforum_count":0,"footnotes":""},"categories":[113,110,1,116,119,29,89],"tags":[],"class_list":["post-6809","post","type-post","status-publish","format-standard","has-post-thumbnail","hentry","category-e-infantil","category-escola-abat-ruera","category-general","category-medi","category-plastica","category-portada","category-primaria"],"post_mailing_queue_ids":[],"_links":{"self":[{"href":"https:\/\/agora.xtec.cat\/zer-pedrera\/wp-json\/wp\/v2\/posts\/6809","targetHints":{"allow":["GET"]}}],"collection":[{"href":"https:\/\/agora.xtec.cat\/zer-pedrera\/wp-json\/wp\/v2\/posts"}],"about":[{"href":"https:\/\/agora.xtec.cat\/zer-pedrera\/wp-json\/wp\/v2\/types\/post"}],"author":[{"embeddable":true,"href":"https:\/\/agora.xtec.cat\/zer-pedrera\/wp-json\/wp\/v2\/users\/1"}],"replies":[{"embeddable":true,"href":"https:\/\/agora.xtec.cat\/zer-pedrera\/wp-json\/wp\/v2\/comments?post=6809"}],"version-history":[{"count":1,"href":"https:\/\/agora.xtec.cat\/zer-pedrera\/wp-json\/wp\/v2\/posts\/6809\/revisions"}],"predecessor-version":[{"id":6811,"href":"https:\/\/agora.xtec.cat\/zer-pedrera\/wp-json\/wp\/v2\/posts\/6809\/revisions\/6811"}],"wp:featuredmedia":[{"embeddable":true,"href":"https:\/\/agora.xtec.cat\/zer-pedrera\/wp-json\/wp\/v2\/media\/6810"}],"wp:attachment":[{"href":"https:\/\/agora.xtec.cat\/zer-pedrera\/wp-json\/wp\/v2\/media?parent=6809"}],"wp:term":[{"taxonomy":"category","embeddable":true,"href":"https:\/\/agora.xtec.cat\/zer-pedrera\/wp-json\/wp\/v2\/categories?post=6809"},{"taxonomy":"post_tag","embeddable":true,"href":"https:\/\/agora.xtec.cat\/zer-pedrera\/wp-json\/wp\/v2\/tags?post=6809"}],"curies":[{"name":"wp","href":"https:\/\/api.w.org\/{rel}","templated":true}]}}