{"id":6804,"date":"2023-04-26T17:47:36","date_gmt":"2023-04-26T15:47:36","guid":{"rendered":"https:\/\/agora.xtec.cat\/zer-pedrera\/?p=6804"},"modified":"2023-04-26T17:47:36","modified_gmt":"2023-04-26T15:47:36","slug":"elaborem-un-lapbook-de-ledad-mitjana-cm-i-cs-de-lescola-porcel-de-cervera","status":"publish","type":"post","link":"https:\/\/agora.xtec.cat\/zer-pedrera\/general\/elaborem-un-lapbook-de-ledad-mitjana-cm-i-cs-de-lescola-porcel-de-cervera\/","title":{"rendered":"Elaborem un lapbook de l&#8217;Edad Mitjana. CM i CS de l&#8217;escola Porcel de Cervera"},"content":{"rendered":"<p>L&#8217;alumnat de CM i CS seguim descobrint com era la vida a l&#8217;Edad Mitjana. Ja hem apr\u00e9s moltes coses i per poder deixar-ho tot ben plasmat i tenir un bonic record per sempre, hem elaborat un lapbook que ens hem endut\u00a0 a casa per poder compartir-ho amb les nostres fam\u00edlies i amics. Ha esta molt divertit i motivador ja que d&#8217;aquesta manera hem treballat el projecte d&#8217;una manera m\u00e9s creativa i ens ha perm\u00e8s aprendre de manera m\u00e9s aut\u00f2noma i seguint el nostre propi ritme.<\/p>\n<p>Ens han quedat molt xulos!<\/p>\n<p>Si voleu veure el resultat final, cliqueu a la seg\u00fcent imatge.<\/p>\n<p>&nbsp;<\/p>\n<p><a href=\"https:\/\/photos.app.goo.gl\/YtFrKasmcqW6L4pdA\"><img loading=\"lazy\" decoding=\"async\" class=\"wp-image-6814 aligncenter\" src=\"https:\/\/agora.xtec.cat\/zer-pedrera\/wp-content\/uploads\/usu1473\/2023\/04\/portada-e1681676236492-1024x694.jpg\" alt=\"\" width=\"343\" height=\"233\" srcset=\"https:\/\/agora.xtec.cat\/zer-pedrera\/wp-content\/uploads\/usu1473\/2023\/04\/portada-e1681676236492-1024x694.jpg 1024w, https:\/\/agora.xtec.cat\/zer-pedrera\/wp-content\/uploads\/usu1473\/2023\/04\/portada-e1681676236492-300x203.jpg 300w, https:\/\/agora.xtec.cat\/zer-pedrera\/wp-content\/uploads\/usu1473\/2023\/04\/portada-e1681676236492-768x521.jpg 768w, https:\/\/agora.xtec.cat\/zer-pedrera\/wp-content\/uploads\/usu1473\/2023\/04\/portada-e1681676236492.jpg 1529w\" sizes=\"auto, (max-width: 343px) 100vw, 343px\" \/><\/a><\/p>\n","protected":false},"excerpt":{"rendered":"<p>L&#8217;alumnat de CM i CS seguim descobrint com era la vida a l&#8217;Edad Mitjana. Ja hem apr\u00e9s moltes coses i per poder deixar-ho tot ben plasmat i tenir un bonic record per sempre, hem elaborat un lapbook que ens hem endut\u00a0 a casa per poder&hellip;  <a href=\"https:\/\/agora.xtec.cat\/zer-pedrera\/general\/elaborem-un-lapbook-de-ledad-mitjana-cm-i-cs-de-lescola-porcel-de-cervera\/\" title=\"Read Elaborem un lapbook de l&#8217;Edad Mitjana. CM i CS de l&#8217;escola Porcel de Cervera\">Llegeix m\u00e9s\u00bb<\/a><\/p>\n","protected":false},"author":1,"featured_media":6814,"comment_status":"open","ping_status":"closed","sticky":false,"template":"","format":"standard","meta":{"_bbp_topic_count":0,"_bbp_reply_count":0,"_bbp_total_topic_count":0,"_bbp_total_reply_count":0,"_bbp_voice_count":0,"_bbp_anonymous_reply_count":0,"_bbp_topic_count_hidden":0,"_bbp_reply_count_hidden":0,"_bbp_forum_subforum_count":0,"footnotes":""},"categories":[111,1,29,89,120],"tags":[],"class_list":["post-6804","post","type-post","status-publish","format-standard","has-post-thumbnail","hentry","category-escola-porcel-de-cervera","category-general","category-portada","category-primaria","category-projectes"],"post_mailing_queue_ids":[],"_links":{"self":[{"href":"https:\/\/agora.xtec.cat\/zer-pedrera\/wp-json\/wp\/v2\/posts\/6804","targetHints":{"allow":["GET"]}}],"collection":[{"href":"https:\/\/agora.xtec.cat\/zer-pedrera\/wp-json\/wp\/v2\/posts"}],"about":[{"href":"https:\/\/agora.xtec.cat\/zer-pedrera\/wp-json\/wp\/v2\/types\/post"}],"author":[{"embeddable":true,"href":"https:\/\/agora.xtec.cat\/zer-pedrera\/wp-json\/wp\/v2\/users\/1"}],"replies":[{"embeddable":true,"href":"https:\/\/agora.xtec.cat\/zer-pedrera\/wp-json\/wp\/v2\/comments?post=6804"}],"version-history":[{"count":2,"href":"https:\/\/agora.xtec.cat\/zer-pedrera\/wp-json\/wp\/v2\/posts\/6804\/revisions"}],"predecessor-version":[{"id":6882,"href":"https:\/\/agora.xtec.cat\/zer-pedrera\/wp-json\/wp\/v2\/posts\/6804\/revisions\/6882"}],"wp:featuredmedia":[{"embeddable":true,"href":"https:\/\/agora.xtec.cat\/zer-pedrera\/wp-json\/wp\/v2\/media\/6814"}],"wp:attachment":[{"href":"https:\/\/agora.xtec.cat\/zer-pedrera\/wp-json\/wp\/v2\/media?parent=6804"}],"wp:term":[{"taxonomy":"category","embeddable":true,"href":"https:\/\/agora.xtec.cat\/zer-pedrera\/wp-json\/wp\/v2\/categories?post=6804"},{"taxonomy":"post_tag","embeddable":true,"href":"https:\/\/agora.xtec.cat\/zer-pedrera\/wp-json\/wp\/v2\/tags?post=6804"}],"curies":[{"name":"wp","href":"https:\/\/api.w.org\/{rel}","templated":true}]}}