{"id":6774,"date":"2023-04-11T21:03:06","date_gmt":"2023-04-11T19:03:06","guid":{"rendered":"https:\/\/agora.xtec.cat\/zer-pedrera\/?p=6774"},"modified":"2023-04-11T21:03:32","modified_gmt":"2023-04-11T19:03:32","slug":"ei-i-ci-de-lescola-abat-ruera-construim-castells","status":"publish","type":"post","link":"https:\/\/agora.xtec.cat\/zer-pedrera\/general\/ei-i-ci-de-lescola-abat-ruera-construim-castells\/","title":{"rendered":"EI i CI de l&#8217;escola Abat Ruera. Constru\u00efm castells"},"content":{"rendered":"<p>Com ja sabeu durant aquest segon trimestre tota la\u00a0<span class=\"hiddenSpellError\">ZER<\/span> hem treballat el m\u00f3n medieval. Un dels continguts principals d&#8217;aquest projecte ha estat els castells, les seves parts, la seva vida quotidiana&#8230; Per facilitar l&#8217;aprenentatge del nostre alumnat hem comprat un joc nou de construcci\u00f3, amb peces de fusta. L&#8217;objectiu d&#8217;aquest joc \u00e9s que els infants puguin construir els seus propis castells.<br \/>\nS&#8217;ho han passat d&#8217;all\u00f2 m\u00e9s b\u00e9 pensant com construir-los, inventant-se de nous,\u00a0col\u00b7laborant\u00a0entre ells\/es, triant les peces necess\u00e0ries&#8230;<br \/>\nPer gaudir de m\u00e9s fotografies clicar damunt de la imatge.<\/p>\n<p><a href=\"https:\/\/photos.app.goo.gl\/s5DtGg4f6MRb58uV8\" target=\"_blank\" rel=\"noopener\"><img loading=\"lazy\" decoding=\"async\" class=\"size-full wp-image-6775 aligncenter\" src=\"https:\/\/agora.xtec.cat\/zer-pedrera\/wp-content\/uploads\/usu1473\/2023\/04\/1678905663123.jpg\" alt=\"\" width=\"496\" height=\"527\" srcset=\"https:\/\/agora.xtec.cat\/zer-pedrera\/wp-content\/uploads\/usu1473\/2023\/04\/1678905663123.jpg 496w, https:\/\/agora.xtec.cat\/zer-pedrera\/wp-content\/uploads\/usu1473\/2023\/04\/1678905663123-282x300.jpg 282w\" sizes=\"auto, (max-width: 496px) 100vw, 496px\" \/><\/a><\/p>\n","protected":false},"excerpt":{"rendered":"<p>Com ja sabeu durant aquest segon trimestre tota la\u00a0ZER hem treballat el m\u00f3n medieval. Un dels continguts principals d&#8217;aquest projecte ha estat els castells, les seves parts, la seva vida quotidiana&#8230; Per facilitar l&#8217;aprenentatge del nostre alumnat hem comprat un joc nou de construcci\u00f3, amb&hellip;  <a href=\"https:\/\/agora.xtec.cat\/zer-pedrera\/general\/ei-i-ci-de-lescola-abat-ruera-construim-castells\/\" title=\"Read EI i CI de l&#8217;escola Abat Ruera. Constru\u00efm castells\">Llegeix m\u00e9s\u00bb<\/a><\/p>\n","protected":false},"author":1,"featured_media":6775,"comment_status":"open","ping_status":"closed","sticky":false,"template":"","format":"standard","meta":{"_bbp_topic_count":0,"_bbp_reply_count":0,"_bbp_total_topic_count":0,"_bbp_total_reply_count":0,"_bbp_voice_count":0,"_bbp_anonymous_reply_count":0,"_bbp_topic_count_hidden":0,"_bbp_reply_count_hidden":0,"_bbp_forum_subforum_count":0,"footnotes":""},"categories":[113,110,1,116,29,89,120],"tags":[],"class_list":["post-6774","post","type-post","status-publish","format-standard","has-post-thumbnail","hentry","category-e-infantil","category-escola-abat-ruera","category-general","category-medi","category-portada","category-primaria","category-projectes"],"post_mailing_queue_ids":[],"_links":{"self":[{"href":"https:\/\/agora.xtec.cat\/zer-pedrera\/wp-json\/wp\/v2\/posts\/6774","targetHints":{"allow":["GET"]}}],"collection":[{"href":"https:\/\/agora.xtec.cat\/zer-pedrera\/wp-json\/wp\/v2\/posts"}],"about":[{"href":"https:\/\/agora.xtec.cat\/zer-pedrera\/wp-json\/wp\/v2\/types\/post"}],"author":[{"embeddable":true,"href":"https:\/\/agora.xtec.cat\/zer-pedrera\/wp-json\/wp\/v2\/users\/1"}],"replies":[{"embeddable":true,"href":"https:\/\/agora.xtec.cat\/zer-pedrera\/wp-json\/wp\/v2\/comments?post=6774"}],"version-history":[{"count":2,"href":"https:\/\/agora.xtec.cat\/zer-pedrera\/wp-json\/wp\/v2\/posts\/6774\/revisions"}],"predecessor-version":[{"id":6777,"href":"https:\/\/agora.xtec.cat\/zer-pedrera\/wp-json\/wp\/v2\/posts\/6774\/revisions\/6777"}],"wp:featuredmedia":[{"embeddable":true,"href":"https:\/\/agora.xtec.cat\/zer-pedrera\/wp-json\/wp\/v2\/media\/6775"}],"wp:attachment":[{"href":"https:\/\/agora.xtec.cat\/zer-pedrera\/wp-json\/wp\/v2\/media?parent=6774"}],"wp:term":[{"taxonomy":"category","embeddable":true,"href":"https:\/\/agora.xtec.cat\/zer-pedrera\/wp-json\/wp\/v2\/categories?post=6774"},{"taxonomy":"post_tag","embeddable":true,"href":"https:\/\/agora.xtec.cat\/zer-pedrera\/wp-json\/wp\/v2\/tags?post=6774"}],"curies":[{"name":"wp","href":"https:\/\/api.w.org\/{rel}","templated":true}]}}