{"id":6767,"date":"2023-04-09T13:35:49","date_gmt":"2023-04-09T11:35:49","guid":{"rendered":"https:\/\/agora.xtec.cat\/zer-pedrera\/?p=6767"},"modified":"2023-04-09T13:35:49","modified_gmt":"2023-04-09T11:35:49","slug":"escola-abat-ruera-la-mona-de-pasqua","status":"publish","type":"post","link":"https:\/\/agora.xtec.cat\/zer-pedrera\/general\/escola-abat-ruera-la-mona-de-pasqua\/","title":{"rendered":"Escola Abat Ruera. La Mona de Pasqua"},"content":{"rendered":"<p>L&#8217;\u00faltim dia del trimestre, el 31 de mar\u00e7, l&#8217;alumnat de l&#8217;escola Abat Ruera s&#8217;ho han passat d&#8217;all\u00f2 m\u00e9s b\u00e9 fent la mona i despr\u00e9s menjant-la. Al mat\u00ed els alumnes han obert el pa de pessic, han ficat la melmelada i la xocolata, per tot seguit decorar-la amb ous de Pasqua i plomes.<br \/>\nA la tarda\u00a0ha estat el moment de menjar la mona i descobrir que s\u00f3n molt bons xefs!<br \/>\nPer veure imatges de la jornada clicar:<br \/>\nEducaci\u00f3 Infantil <a href=\"https:\/\/photos.app.goo.gl\/QQszqq8VTLQyc9BS9\" target=\"_blank\" rel=\"noopener\">AQU\u00cd<\/a><br \/>\nCicle Inicial <a href=\"https:\/\/photos.app.goo.gl\/gy2Y9fnYDRECCxDv8\" target=\"_blank\" rel=\"noopener\">AQU\u00cd<\/a><br \/>\nCicle Mitj\u00e0 <a href=\"https:\/\/photos.app.goo.gl\/H81ds2WgA4aLt8kp9\" target=\"_blank\" rel=\"noopener\">AQU\u00cd<\/a><br \/>\nCicle Superior <a href=\"https:\/\/photos.app.goo.gl\/aQHxFK8vH66c23N77\" target=\"_blank\" rel=\"noopener\">AQU\u00cd<\/a><\/p>\n<p><a href=\"https:\/\/agora.xtec.cat\/zer-pedrera\/wp-content\/uploads\/usu1473\/2023\/04\/1680282238902.jpeg\"><img loading=\"lazy\" decoding=\"async\" class=\"size-full wp-image-6768 aligncenter\" src=\"https:\/\/agora.xtec.cat\/zer-pedrera\/wp-content\/uploads\/usu1473\/2023\/04\/1680282238902.jpeg\" alt=\"\" width=\"658\" height=\"195\" srcset=\"https:\/\/agora.xtec.cat\/zer-pedrera\/wp-content\/uploads\/usu1473\/2023\/04\/1680282238902.jpeg 658w, https:\/\/agora.xtec.cat\/zer-pedrera\/wp-content\/uploads\/usu1473\/2023\/04\/1680282238902-300x89.jpeg 300w\" sizes=\"auto, (max-width: 658px) 100vw, 658px\" \/><\/a><\/p>\n","protected":false},"excerpt":{"rendered":"<p>L&#8217;\u00faltim dia del trimestre, el 31 de mar\u00e7, l&#8217;alumnat de l&#8217;escola Abat Ruera s&#8217;ho han passat d&#8217;all\u00f2 m\u00e9s b\u00e9 fent la mona i despr\u00e9s menjant-la. Al mat\u00ed els alumnes han obert el pa de pessic, han ficat la melmelada i la xocolata, per tot seguit&hellip;  <a href=\"https:\/\/agora.xtec.cat\/zer-pedrera\/general\/escola-abat-ruera-la-mona-de-pasqua\/\" title=\"Read Escola Abat Ruera. La Mona de Pasqua\">Llegeix m\u00e9s\u00bb<\/a><\/p>\n","protected":false},"author":1,"featured_media":6768,"comment_status":"open","ping_status":"closed","sticky":false,"template":"","format":"standard","meta":{"_bbp_topic_count":0,"_bbp_reply_count":0,"_bbp_total_topic_count":0,"_bbp_total_reply_count":0,"_bbp_voice_count":0,"_bbp_anonymous_reply_count":0,"_bbp_topic_count_hidden":0,"_bbp_reply_count_hidden":0,"_bbp_forum_subforum_count":0,"footnotes":""},"categories":[125,113,110,1,116,29,89,120],"tags":[],"class_list":["post-6767","post","type-post","status-publish","format-standard","has-post-thumbnail","hentry","category-catala","category-e-infantil","category-escola-abat-ruera","category-general","category-medi","category-portada","category-primaria","category-projectes"],"post_mailing_queue_ids":[],"_links":{"self":[{"href":"https:\/\/agora.xtec.cat\/zer-pedrera\/wp-json\/wp\/v2\/posts\/6767","targetHints":{"allow":["GET"]}}],"collection":[{"href":"https:\/\/agora.xtec.cat\/zer-pedrera\/wp-json\/wp\/v2\/posts"}],"about":[{"href":"https:\/\/agora.xtec.cat\/zer-pedrera\/wp-json\/wp\/v2\/types\/post"}],"author":[{"embeddable":true,"href":"https:\/\/agora.xtec.cat\/zer-pedrera\/wp-json\/wp\/v2\/users\/1"}],"replies":[{"embeddable":true,"href":"https:\/\/agora.xtec.cat\/zer-pedrera\/wp-json\/wp\/v2\/comments?post=6767"}],"version-history":[{"count":1,"href":"https:\/\/agora.xtec.cat\/zer-pedrera\/wp-json\/wp\/v2\/posts\/6767\/revisions"}],"predecessor-version":[{"id":6769,"href":"https:\/\/agora.xtec.cat\/zer-pedrera\/wp-json\/wp\/v2\/posts\/6767\/revisions\/6769"}],"wp:featuredmedia":[{"embeddable":true,"href":"https:\/\/agora.xtec.cat\/zer-pedrera\/wp-json\/wp\/v2\/media\/6768"}],"wp:attachment":[{"href":"https:\/\/agora.xtec.cat\/zer-pedrera\/wp-json\/wp\/v2\/media?parent=6767"}],"wp:term":[{"taxonomy":"category","embeddable":true,"href":"https:\/\/agora.xtec.cat\/zer-pedrera\/wp-json\/wp\/v2\/categories?post=6767"},{"taxonomy":"post_tag","embeddable":true,"href":"https:\/\/agora.xtec.cat\/zer-pedrera\/wp-json\/wp\/v2\/tags?post=6767"}],"curies":[{"name":"wp","href":"https:\/\/api.w.org\/{rel}","templated":true}]}}