{"id":6761,"date":"2023-03-26T22:32:25","date_gmt":"2023-03-26T20:32:25","guid":{"rendered":"https:\/\/agora.xtec.cat\/zer-pedrera\/?p=6761"},"modified":"2023-03-26T22:32:25","modified_gmt":"2023-03-26T20:32:25","slug":"ei-i-ci-de-lescola-abat-ruera-escola-de-musica","status":"publish","type":"post","link":"https:\/\/agora.xtec.cat\/zer-pedrera\/general\/ei-i-ci-de-lescola-abat-ruera-escola-de-musica\/","title":{"rendered":"EI i CI de l&#8217;escola Abat Ruera. Escola de M\u00fasica"},"content":{"rendered":"<p>El dimecres dia 22 de mar\u00e7 han vingut el Gerard i el Jordi de l&#8217;escola de M\u00fasica de les Garrigues i han fet una mostra de tres instruments musicals: flauta travessera, flaut\u00ed i el clarinet. Han explicat a l&#8217;alumnat com s\u00f3n aquests instruments, de quin material estan fets, les seves parts, com sonen&#8230; Tamb\u00e9 el Gerard i el Jordi els han tocat can\u00e7ons conegudes amb aquests instruments i els alumnes han pogut cantar.<br \/>\nAquesta activitat ha anat dirigida a l&#8217;alumnat d&#8217;Educaci\u00f3 Infantil i Cicle Inicial.<br \/>\nPer veure m\u00e9s fotografies clicar damunt de la imatge.<\/p>\n<p style=\"text-align: center;\"><a href=\"https:\/\/photos.app.goo.gl\/zMmRRCffYGMB5d2R9\" target=\"_blank\" rel=\"noopener\"><img loading=\"lazy\" decoding=\"async\" class=\"alignnone size-full wp-image-6762\" src=\"https:\/\/agora.xtec.cat\/zer-pedrera\/wp-content\/uploads\/usu1473\/2023\/03\/1679861372457.jpg\" alt=\"\" width=\"537\" height=\"487\" srcset=\"https:\/\/agora.xtec.cat\/zer-pedrera\/wp-content\/uploads\/usu1473\/2023\/03\/1679861372457.jpg 537w, https:\/\/agora.xtec.cat\/zer-pedrera\/wp-content\/uploads\/usu1473\/2023\/03\/1679861372457-300x272.jpg 300w\" sizes=\"auto, (max-width: 537px) 100vw, 537px\" \/><\/a><\/p>\n","protected":false},"excerpt":{"rendered":"<p>El dimecres dia 22 de mar\u00e7 han vingut el Gerard i el Jordi de l&#8217;escola de M\u00fasica de les Garrigues i han fet una mostra de tres instruments musicals: flauta travessera, flaut\u00ed i el clarinet. Han explicat a l&#8217;alumnat com s\u00f3n aquests instruments, de quin&hellip;  <a href=\"https:\/\/agora.xtec.cat\/zer-pedrera\/general\/ei-i-ci-de-lescola-abat-ruera-escola-de-musica\/\" title=\"Read EI i CI de l&#8217;escola Abat Ruera. Escola de M\u00fasica\">Llegeix m\u00e9s\u00bb<\/a><\/p>\n","protected":false},"author":1,"featured_media":6762,"comment_status":"open","ping_status":"closed","sticky":false,"template":"","format":"standard","meta":{"_bbp_topic_count":0,"_bbp_reply_count":0,"_bbp_total_topic_count":0,"_bbp_total_reply_count":0,"_bbp_voice_count":0,"_bbp_anonymous_reply_count":0,"_bbp_topic_count_hidden":0,"_bbp_reply_count_hidden":0,"_bbp_forum_subforum_count":0,"footnotes":""},"categories":[113,110,1,118,29,89],"tags":[],"class_list":["post-6761","post","type-post","status-publish","format-standard","has-post-thumbnail","hentry","category-e-infantil","category-escola-abat-ruera","category-general","category-musica-2","category-portada","category-primaria"],"post_mailing_queue_ids":[],"_links":{"self":[{"href":"https:\/\/agora.xtec.cat\/zer-pedrera\/wp-json\/wp\/v2\/posts\/6761","targetHints":{"allow":["GET"]}}],"collection":[{"href":"https:\/\/agora.xtec.cat\/zer-pedrera\/wp-json\/wp\/v2\/posts"}],"about":[{"href":"https:\/\/agora.xtec.cat\/zer-pedrera\/wp-json\/wp\/v2\/types\/post"}],"author":[{"embeddable":true,"href":"https:\/\/agora.xtec.cat\/zer-pedrera\/wp-json\/wp\/v2\/users\/1"}],"replies":[{"embeddable":true,"href":"https:\/\/agora.xtec.cat\/zer-pedrera\/wp-json\/wp\/v2\/comments?post=6761"}],"version-history":[{"count":1,"href":"https:\/\/agora.xtec.cat\/zer-pedrera\/wp-json\/wp\/v2\/posts\/6761\/revisions"}],"predecessor-version":[{"id":6763,"href":"https:\/\/agora.xtec.cat\/zer-pedrera\/wp-json\/wp\/v2\/posts\/6761\/revisions\/6763"}],"wp:featuredmedia":[{"embeddable":true,"href":"https:\/\/agora.xtec.cat\/zer-pedrera\/wp-json\/wp\/v2\/media\/6762"}],"wp:attachment":[{"href":"https:\/\/agora.xtec.cat\/zer-pedrera\/wp-json\/wp\/v2\/media?parent=6761"}],"wp:term":[{"taxonomy":"category","embeddable":true,"href":"https:\/\/agora.xtec.cat\/zer-pedrera\/wp-json\/wp\/v2\/categories?post=6761"},{"taxonomy":"post_tag","embeddable":true,"href":"https:\/\/agora.xtec.cat\/zer-pedrera\/wp-json\/wp\/v2\/tags?post=6761"}],"curies":[{"name":"wp","href":"https:\/\/api.w.org\/{rel}","templated":true}]}}