{"id":6751,"date":"2023-03-26T21:34:57","date_gmt":"2023-03-26T19:34:57","guid":{"rendered":"https:\/\/agora.xtec.cat\/zer-pedrera\/?p=6751"},"modified":"2023-03-26T21:34:57","modified_gmt":"2023-03-26T19:34:57","slug":"zer-pedrera-rebel-lio-a-la-cuina","status":"publish","type":"post","link":"https:\/\/agora.xtec.cat\/zer-pedrera\/general\/zer-pedrera-rebel-lio-a-la-cuina\/","title":{"rendered":"ZER PEDRERA. Rebel.li\u00f3 a la cuina"},"content":{"rendered":"<p>El divendres 24 de mar\u00e7, s&#8217;ha dut a terme al Pavell\u00f3 de l&#8217;Oli de les Borges Blanques, la cantata amb l&#8217;obra, &#8220;Rebel\u00b7li\u00f3\u00a0a la cuina&#8221;. Aquest projecte ha estat planificat i organitzat des del grup de treball d&#8217;especialistes de m\u00fasica de les Garrigues, amb l&#8217;objectiu de promoure la m\u00fasica a la comarca.<br \/>\nL&#8217;alumnat de Cicle Inicial i I5 de l&#8217;Espluga Calba han participat en aquest gran\u00a0projecte.<\/p>\n<p><a href=\"https:\/\/agora.xtec.cat\/zer-pedrera\/wp-content\/uploads\/usu1473\/2023\/03\/1679859095003.jpg\"><img loading=\"lazy\" decoding=\"async\" class=\"size-full wp-image-6753 aligncenter\" src=\"https:\/\/agora.xtec.cat\/zer-pedrera\/wp-content\/uploads\/usu1473\/2023\/03\/1679859095003.jpg\" alt=\"\" width=\"429\" height=\"610\" srcset=\"https:\/\/agora.xtec.cat\/zer-pedrera\/wp-content\/uploads\/usu1473\/2023\/03\/1679859095003.jpg 429w, https:\/\/agora.xtec.cat\/zer-pedrera\/wp-content\/uploads\/usu1473\/2023\/03\/1679859095003-211x300.jpg 211w\" sizes=\"auto, (max-width: 429px) 100vw, 429px\" \/><\/a><\/p>\n<p>&nbsp;<\/p>\n","protected":false},"excerpt":{"rendered":"<p>El divendres 24 de mar\u00e7, s&#8217;ha dut a terme al Pavell\u00f3 de l&#8217;Oli de les Borges Blanques, la cantata amb l&#8217;obra, &#8220;Rebel\u00b7li\u00f3\u00a0a la cuina&#8221;. Aquest projecte ha estat planificat i organitzat des del grup de treball d&#8217;especialistes de m\u00fasica de les Garrigues, amb l&#8217;objectiu de&hellip;  <a href=\"https:\/\/agora.xtec.cat\/zer-pedrera\/general\/zer-pedrera-rebel-lio-a-la-cuina\/\" title=\"Read ZER PEDRERA. Rebel.li\u00f3 a la cuina\">Llegeix m\u00e9s\u00bb<\/a><\/p>\n","protected":false},"author":1,"featured_media":6753,"comment_status":"open","ping_status":"closed","sticky":false,"template":"","format":"standard","meta":{"_bbp_topic_count":0,"_bbp_reply_count":0,"_bbp_total_topic_count":0,"_bbp_total_reply_count":0,"_bbp_voice_count":0,"_bbp_anonymous_reply_count":0,"_bbp_topic_count_hidden":0,"_bbp_reply_count_hidden":0,"_bbp_forum_subforum_count":0,"footnotes":""},"categories":[113,110,111,1,118,29,89,120],"tags":[],"class_list":["post-6751","post","type-post","status-publish","format-standard","has-post-thumbnail","hentry","category-e-infantil","category-escola-abat-ruera","category-escola-porcel-de-cervera","category-general","category-musica-2","category-portada","category-primaria","category-projectes"],"post_mailing_queue_ids":[],"_links":{"self":[{"href":"https:\/\/agora.xtec.cat\/zer-pedrera\/wp-json\/wp\/v2\/posts\/6751","targetHints":{"allow":["GET"]}}],"collection":[{"href":"https:\/\/agora.xtec.cat\/zer-pedrera\/wp-json\/wp\/v2\/posts"}],"about":[{"href":"https:\/\/agora.xtec.cat\/zer-pedrera\/wp-json\/wp\/v2\/types\/post"}],"author":[{"embeddable":true,"href":"https:\/\/agora.xtec.cat\/zer-pedrera\/wp-json\/wp\/v2\/users\/1"}],"replies":[{"embeddable":true,"href":"https:\/\/agora.xtec.cat\/zer-pedrera\/wp-json\/wp\/v2\/comments?post=6751"}],"version-history":[{"count":1,"href":"https:\/\/agora.xtec.cat\/zer-pedrera\/wp-json\/wp\/v2\/posts\/6751\/revisions"}],"predecessor-version":[{"id":6754,"href":"https:\/\/agora.xtec.cat\/zer-pedrera\/wp-json\/wp\/v2\/posts\/6751\/revisions\/6754"}],"wp:featuredmedia":[{"embeddable":true,"href":"https:\/\/agora.xtec.cat\/zer-pedrera\/wp-json\/wp\/v2\/media\/6753"}],"wp:attachment":[{"href":"https:\/\/agora.xtec.cat\/zer-pedrera\/wp-json\/wp\/v2\/media?parent=6751"}],"wp:term":[{"taxonomy":"category","embeddable":true,"href":"https:\/\/agora.xtec.cat\/zer-pedrera\/wp-json\/wp\/v2\/categories?post=6751"},{"taxonomy":"post_tag","embeddable":true,"href":"https:\/\/agora.xtec.cat\/zer-pedrera\/wp-json\/wp\/v2\/tags?post=6751"}],"curies":[{"name":"wp","href":"https:\/\/api.w.org\/{rel}","templated":true}]}}