{"id":6747,"date":"2023-03-21T23:20:31","date_gmt":"2023-03-21T22:20:31","guid":{"rendered":"https:\/\/agora.xtec.cat\/zer-pedrera\/?p=6747"},"modified":"2023-03-21T23:20:31","modified_gmt":"2023-03-21T22:20:31","slug":"passeig-de-primavera-ei-i-ci-escola-porcel-de-cervera","status":"publish","type":"post","link":"https:\/\/agora.xtec.cat\/zer-pedrera\/portada\/passeig-de-primavera-ei-i-ci-escola-porcel-de-cervera\/","title":{"rendered":"Passeig de primavera. EI i CI escola Porcel de Cervera."},"content":{"rendered":"<p>Ahir coincidint amb el dia en que per la nit comen\u00e7ava la primavera vam aprofitar per sortir de l&#8217;escola i fer un passeig fins als ametllers de la fam\u00edlia de l&#8217;Abril. Aquests ametllers s\u00f3n dins del poble i \u00e9s f\u00e0cil arribar-hi tot passejant. S\u00f3n una mica m\u00e9s tardans que altres varietats i aquests dies estan plens de flor.<\/p>\n<p>Tornant de veure els ametllers un ve\u00ed del poble que vam trobar que feinejava, ens va explicar quins arbres tenia en el seu terreny i ens va ensenyar que aquell dia estava plantant ceps.\u00a0 Va esser un passeig molt profit\u00f3s que va acabar amb la visita al Bibliob\u00fas.<\/p>\n<p>Vaja que va ser un mat\u00ed rod\u00f3!!!!<\/p>\n<p>Si voleu veure&#8217;n les imatges cliqueu en la fotografia.<\/p>\n<p style=\"text-align: center;\"><a href=\"https:\/\/photos.app.goo.gl\/TLDchVyy78GL4NaC8\"><img loading=\"lazy\" decoding=\"async\" class=\"alignnone size-full wp-image-6748\" src=\"https:\/\/agora.xtec.cat\/zer-pedrera\/wp-content\/uploads\/usu1473\/2023\/03\/1.jpg\" alt=\"\" width=\"678\" height=\"500\" srcset=\"https:\/\/agora.xtec.cat\/zer-pedrera\/wp-content\/uploads\/usu1473\/2023\/03\/1.jpg 678w, https:\/\/agora.xtec.cat\/zer-pedrera\/wp-content\/uploads\/usu1473\/2023\/03\/1-300x221.jpg 300w\" sizes=\"auto, (max-width: 678px) 100vw, 678px\" \/><\/a><\/p>\n<p>&nbsp;<\/p>\n","protected":false},"excerpt":{"rendered":"<p>Ahir coincidint amb el dia en que per la nit comen\u00e7ava la primavera vam aprofitar per sortir de l&#8217;escola i fer un passeig fins als ametllers de la fam\u00edlia de l&#8217;Abril. Aquests ametllers s\u00f3n dins del poble i \u00e9s f\u00e0cil arribar-hi tot passejant. S\u00f3n una&hellip;  <a href=\"https:\/\/agora.xtec.cat\/zer-pedrera\/portada\/passeig-de-primavera-ei-i-ci-escola-porcel-de-cervera\/\" title=\"Read Passeig de primavera. EI i CI escola Porcel de Cervera.\">Llegeix m\u00e9s\u00bb<\/a><\/p>\n","protected":false},"author":1,"featured_media":6748,"comment_status":"open","ping_status":"closed","sticky":false,"template":"","format":"standard","meta":{"_bbp_topic_count":0,"_bbp_reply_count":0,"_bbp_total_topic_count":0,"_bbp_total_reply_count":0,"_bbp_voice_count":0,"_bbp_anonymous_reply_count":0,"_bbp_topic_count_hidden":0,"_bbp_reply_count_hidden":0,"_bbp_forum_subforum_count":0,"footnotes":""},"categories":[113,111,29,89],"tags":[],"class_list":["post-6747","post","type-post","status-publish","format-standard","has-post-thumbnail","hentry","category-e-infantil","category-escola-porcel-de-cervera","category-portada","category-primaria"],"post_mailing_queue_ids":[],"_links":{"self":[{"href":"https:\/\/agora.xtec.cat\/zer-pedrera\/wp-json\/wp\/v2\/posts\/6747","targetHints":{"allow":["GET"]}}],"collection":[{"href":"https:\/\/agora.xtec.cat\/zer-pedrera\/wp-json\/wp\/v2\/posts"}],"about":[{"href":"https:\/\/agora.xtec.cat\/zer-pedrera\/wp-json\/wp\/v2\/types\/post"}],"author":[{"embeddable":true,"href":"https:\/\/agora.xtec.cat\/zer-pedrera\/wp-json\/wp\/v2\/users\/1"}],"replies":[{"embeddable":true,"href":"https:\/\/agora.xtec.cat\/zer-pedrera\/wp-json\/wp\/v2\/comments?post=6747"}],"version-history":[{"count":2,"href":"https:\/\/agora.xtec.cat\/zer-pedrera\/wp-json\/wp\/v2\/posts\/6747\/revisions"}],"predecessor-version":[{"id":6750,"href":"https:\/\/agora.xtec.cat\/zer-pedrera\/wp-json\/wp\/v2\/posts\/6747\/revisions\/6750"}],"wp:featuredmedia":[{"embeddable":true,"href":"https:\/\/agora.xtec.cat\/zer-pedrera\/wp-json\/wp\/v2\/media\/6748"}],"wp:attachment":[{"href":"https:\/\/agora.xtec.cat\/zer-pedrera\/wp-json\/wp\/v2\/media?parent=6747"}],"wp:term":[{"taxonomy":"category","embeddable":true,"href":"https:\/\/agora.xtec.cat\/zer-pedrera\/wp-json\/wp\/v2\/categories?post=6747"},{"taxonomy":"post_tag","embeddable":true,"href":"https:\/\/agora.xtec.cat\/zer-pedrera\/wp-json\/wp\/v2\/tags?post=6747"}],"curies":[{"name":"wp","href":"https:\/\/api.w.org\/{rel}","templated":true}]}}