{"id":6708,"date":"2023-03-13T23:04:02","date_gmt":"2023-03-13T22:04:02","guid":{"rendered":"https:\/\/agora.xtec.cat\/zer-pedrera\/?p=6708"},"modified":"2023-03-13T23:12:13","modified_gmt":"2023-03-13T22:12:13","slug":"primer-cicle-deducacio-infantil-a-lescola-porcel-de-cervera","status":"publish","type":"post","link":"https:\/\/agora.xtec.cat\/zer-pedrera\/general\/primer-cicle-deducacio-infantil-a-lescola-porcel-de-cervera\/","title":{"rendered":"Primer cicle d&#8217;Educaci\u00f3 Infantil a l&#8217;escola Porcel de Cervera."},"content":{"rendered":"<p>El proper curs, si no hi res de nou, s&#8217;implantar\u00e0 el primer cicle d&#8217;Educaci\u00f3 Infantil dins de la nostra escola. Estem molt contents i contentes de poder tornar a obrir les portes de la Llar d&#8217;infants i\u00a0 de tenir els nens i les nenes de I1 i I2 dins el nostre recinte escolar.<\/p>\n<p>Despr\u00e9s de la lluita de les fam\u00edlies per poder donar continu\u00eftat\u00a0 a la nostra escola, sembla que per fi ser\u00e0 una realitat que els infants m\u00e9s petits del poble i dels voltants puguin realitzar ja el primer cicle d&#8217;EI a l&#8217;escola de l&#8217;Espluga Calba.<\/p>\n<p>Moltes gr\u00e0cies a l&#8217;AMPA i a l&#8217;ajuntament per fer-ho possible!!!!<\/p>\n<p>Moltes gr\u00e0cies tamb\u00e9 a en Jose Cots per realitzar-nos aquest v\u00eddeo que ha perm\u00e8s obrir la nostra escola a la gent!!!!<\/p>\n<p>Animem a totes aquelles fam\u00edlies que puguin estar interessades en venir a veure la nostra escola que assisteixin a les portes obertes que es duran a terme el proper dissabte 18 de mar\u00e7 al mat\u00ed. Pera fer-ho us preguem que us poseu en contacte pr\u00e8viament amb l&#8217;escola per a concertar-ne la cita.<\/p>\n<p><span style=\"font-family: inherit; font-size: 1em;\">Si en voleu veure el v\u00eddeo promocional realitzat\u00a0 per en Jose Cots cliqueu <a href=\"https:\/\/photos.app.goo.gl\/brQswqnKyoPrxBfQ8\">AQU\u00cd<\/a>.<\/span><\/p>\n<p style=\"text-align: center;\"><a href=\"https:\/\/agora.xtec.cat\/zer-pedrera\/wp-content\/uploads\/usu1473\/2023\/03\/Preinscripcio-.jpg\"><img loading=\"lazy\" decoding=\"async\" class=\"alignnone size-full wp-image-6709\" src=\"https:\/\/agora.xtec.cat\/zer-pedrera\/wp-content\/uploads\/usu1473\/2023\/03\/Preinscripcio-.jpg\" alt=\"\" width=\"405\" height=\"405\" srcset=\"https:\/\/agora.xtec.cat\/zer-pedrera\/wp-content\/uploads\/usu1473\/2023\/03\/Preinscripcio-.jpg 405w, https:\/\/agora.xtec.cat\/zer-pedrera\/wp-content\/uploads\/usu1473\/2023\/03\/Preinscripcio--300x300.jpg 300w, https:\/\/agora.xtec.cat\/zer-pedrera\/wp-content\/uploads\/usu1473\/2023\/03\/Preinscripcio--150x150.jpg 150w\" sizes=\"auto, (max-width: 405px) 100vw, 405px\" \/><\/a><\/p>\n","protected":false},"excerpt":{"rendered":"<p>El proper curs, si no hi res de nou, s&#8217;implantar\u00e0 el primer cicle d&#8217;Educaci\u00f3 Infantil dins de la nostra escola. Estem molt contents i contentes de poder tornar a obrir les portes de la Llar d&#8217;infants i\u00a0 de tenir els nens i les nenes de&hellip;  <a href=\"https:\/\/agora.xtec.cat\/zer-pedrera\/general\/primer-cicle-deducacio-infantil-a-lescola-porcel-de-cervera\/\" title=\"Read Primer cicle d&#8217;Educaci\u00f3 Infantil a l&#8217;escola Porcel de Cervera.\">Llegeix m\u00e9s\u00bb<\/a><\/p>\n","protected":false},"author":1,"featured_media":6709,"comment_status":"open","ping_status":"closed","sticky":false,"template":"","format":"standard","meta":{"_bbp_topic_count":0,"_bbp_reply_count":0,"_bbp_total_topic_count":0,"_bbp_total_reply_count":0,"_bbp_voice_count":0,"_bbp_anonymous_reply_count":0,"_bbp_topic_count_hidden":0,"_bbp_reply_count_hidden":0,"_bbp_forum_subforum_count":0,"footnotes":""},"categories":[111,1,29],"tags":[],"class_list":["post-6708","post","type-post","status-publish","format-standard","has-post-thumbnail","hentry","category-escola-porcel-de-cervera","category-general","category-portada"],"post_mailing_queue_ids":[],"_links":{"self":[{"href":"https:\/\/agora.xtec.cat\/zer-pedrera\/wp-json\/wp\/v2\/posts\/6708","targetHints":{"allow":["GET"]}}],"collection":[{"href":"https:\/\/agora.xtec.cat\/zer-pedrera\/wp-json\/wp\/v2\/posts"}],"about":[{"href":"https:\/\/agora.xtec.cat\/zer-pedrera\/wp-json\/wp\/v2\/types\/post"}],"author":[{"embeddable":true,"href":"https:\/\/agora.xtec.cat\/zer-pedrera\/wp-json\/wp\/v2\/users\/1"}],"replies":[{"embeddable":true,"href":"https:\/\/agora.xtec.cat\/zer-pedrera\/wp-json\/wp\/v2\/comments?post=6708"}],"version-history":[{"count":4,"href":"https:\/\/agora.xtec.cat\/zer-pedrera\/wp-json\/wp\/v2\/posts\/6708\/revisions"}],"predecessor-version":[{"id":6723,"href":"https:\/\/agora.xtec.cat\/zer-pedrera\/wp-json\/wp\/v2\/posts\/6708\/revisions\/6723"}],"wp:featuredmedia":[{"embeddable":true,"href":"https:\/\/agora.xtec.cat\/zer-pedrera\/wp-json\/wp\/v2\/media\/6709"}],"wp:attachment":[{"href":"https:\/\/agora.xtec.cat\/zer-pedrera\/wp-json\/wp\/v2\/media?parent=6708"}],"wp:term":[{"taxonomy":"category","embeddable":true,"href":"https:\/\/agora.xtec.cat\/zer-pedrera\/wp-json\/wp\/v2\/categories?post=6708"},{"taxonomy":"post_tag","embeddable":true,"href":"https:\/\/agora.xtec.cat\/zer-pedrera\/wp-json\/wp\/v2\/tags?post=6708"}],"curies":[{"name":"wp","href":"https:\/\/api.w.org\/{rel}","templated":true}]}}