{"id":6684,"date":"2023-03-13T15:28:46","date_gmt":"2023-03-13T14:28:46","guid":{"rendered":"https:\/\/agora.xtec.cat\/zer-pedrera\/?p=6684"},"modified":"2023-03-13T22:26:33","modified_gmt":"2023-03-13T21:26:33","slug":"ens-preparem-pel-certamen-de-lectura-en-veu-alta","status":"publish","type":"post","link":"https:\/\/agora.xtec.cat\/zer-pedrera\/general\/ens-preparem-pel-certamen-de-lectura-en-veu-alta\/","title":{"rendered":"Ens preparem pel certamen de lectura en veu alta"},"content":{"rendered":"<p>El proper dimarts 14 de mar\u00e7 l&#8217;alumnat de CM i CS de l&#8217;escola ens presentarem a les semifinals de\u00a0 la XIX edici\u00f3 del certamen de lectura en veu alta, que es dur\u00e0 a terme a les Borges Blanques. Per escollir els representants de cada cicle, hem estat realitzant diferents activitats per potenciar aquest tipus de lectura. Finalment, despr\u00e9s d&#8217;una votaci\u00f3 final, han sortit escollides la J\u00falia per a CM i la Lluna per a CS.<\/p>\n<p>Molta sort noies! Segur que ser\u00e0 una experi\u00e8ncia molt enriquidora i ho fareu genial!<\/p>\n<p><a href=\"https:\/\/photos.app.goo.gl\/y4Po7ZbSAA6whWhP8\"><img loading=\"lazy\" decoding=\"async\" class=\" wp-image-6703 aligncenter\" src=\"https:\/\/agora.xtec.cat\/zer-pedrera\/wp-content\/uploads\/usu1473\/2023\/03\/portada.jpg\" alt=\"\" width=\"258\" height=\"258\" srcset=\"https:\/\/agora.xtec.cat\/zer-pedrera\/wp-content\/uploads\/usu1473\/2023\/03\/portada.jpg 270w, https:\/\/agora.xtec.cat\/zer-pedrera\/wp-content\/uploads\/usu1473\/2023\/03\/portada-150x150.jpg 150w\" sizes=\"auto, (max-width: 258px) 100vw, 258px\" \/><\/a><\/p>\n","protected":false},"excerpt":{"rendered":"<p>El proper dimarts 14 de mar\u00e7 l&#8217;alumnat de CM i CS de l&#8217;escola ens presentarem a les semifinals de\u00a0 la XIX edici\u00f3 del certamen de lectura en veu alta, que es dur\u00e0 a terme a les Borges Blanques. Per escollir els representants de cada cicle,&hellip;  <a href=\"https:\/\/agora.xtec.cat\/zer-pedrera\/general\/ens-preparem-pel-certamen-de-lectura-en-veu-alta\/\" title=\"Read Ens preparem pel certamen de lectura en veu alta\">Llegeix m\u00e9s\u00bb<\/a><\/p>\n","protected":false},"author":1,"featured_media":6703,"comment_status":"open","ping_status":"closed","sticky":false,"template":"","format":"standard","meta":{"_bbp_topic_count":0,"_bbp_reply_count":0,"_bbp_total_topic_count":0,"_bbp_total_reply_count":0,"_bbp_voice_count":0,"_bbp_anonymous_reply_count":0,"_bbp_topic_count_hidden":0,"_bbp_reply_count_hidden":0,"_bbp_forum_subforum_count":0,"footnotes":""},"categories":[125,111,1,29,89],"tags":[],"class_list":["post-6684","post","type-post","status-publish","format-standard","has-post-thumbnail","hentry","category-catala","category-escola-porcel-de-cervera","category-general","category-portada","category-primaria"],"post_mailing_queue_ids":[],"_links":{"self":[{"href":"https:\/\/agora.xtec.cat\/zer-pedrera\/wp-json\/wp\/v2\/posts\/6684","targetHints":{"allow":["GET"]}}],"collection":[{"href":"https:\/\/agora.xtec.cat\/zer-pedrera\/wp-json\/wp\/v2\/posts"}],"about":[{"href":"https:\/\/agora.xtec.cat\/zer-pedrera\/wp-json\/wp\/v2\/types\/post"}],"author":[{"embeddable":true,"href":"https:\/\/agora.xtec.cat\/zer-pedrera\/wp-json\/wp\/v2\/users\/1"}],"replies":[{"embeddable":true,"href":"https:\/\/agora.xtec.cat\/zer-pedrera\/wp-json\/wp\/v2\/comments?post=6684"}],"version-history":[{"count":3,"href":"https:\/\/agora.xtec.cat\/zer-pedrera\/wp-json\/wp\/v2\/posts\/6684\/revisions"}],"predecessor-version":[{"id":6720,"href":"https:\/\/agora.xtec.cat\/zer-pedrera\/wp-json\/wp\/v2\/posts\/6684\/revisions\/6720"}],"wp:featuredmedia":[{"embeddable":true,"href":"https:\/\/agora.xtec.cat\/zer-pedrera\/wp-json\/wp\/v2\/media\/6703"}],"wp:attachment":[{"href":"https:\/\/agora.xtec.cat\/zer-pedrera\/wp-json\/wp\/v2\/media?parent=6684"}],"wp:term":[{"taxonomy":"category","embeddable":true,"href":"https:\/\/agora.xtec.cat\/zer-pedrera\/wp-json\/wp\/v2\/categories?post=6684"},{"taxonomy":"post_tag","embeddable":true,"href":"https:\/\/agora.xtec.cat\/zer-pedrera\/wp-json\/wp\/v2\/tags?post=6684"}],"curies":[{"name":"wp","href":"https:\/\/api.w.org\/{rel}","templated":true}]}}