{"id":6681,"date":"2023-03-13T15:41:26","date_gmt":"2023-03-13T14:41:26","guid":{"rendered":"https:\/\/agora.xtec.cat\/zer-pedrera\/?p=6681"},"modified":"2023-03-13T21:07:42","modified_gmt":"2023-03-13T20:07:42","slug":"treballem-les-formes-i-cossos-geometrics","status":"publish","type":"post","link":"https:\/\/agora.xtec.cat\/zer-pedrera\/general\/treballem-les-formes-i-cossos-geometrics\/","title":{"rendered":"Escola Porcel de Cervera.Treballem les formes i cossos geom\u00e8trics."},"content":{"rendered":"<p>Els nens i nenes de C.Inicial i infantil estem treballant a l&#8217;\u00e0rea de matem\u00e0tiques les figures i cossos geom\u00e8trics. Per fer-ho d&#8217;una manera manipulativa i l\u00fadica hem aprofitat el nostre entorn per sortir a identificar i dibuixar les formes que ens envolten. Ens ho hem passat pipa aprenent i ens hem adonat que tot el que hi ha al nostre entorn est\u00e0 constru\u00eft amb formes!<\/p>\n<p>Mireu que b\u00e9 ens ho hem passat!<\/p>\n<p style=\"text-align: center;\"><a href=\"https:\/\/photos.app.goo.gl\/pm6fhxFmVtJR879v7\"><img loading=\"lazy\" decoding=\"async\" class=\"alignnone size-full wp-image-6700\" src=\"https:\/\/agora.xtec.cat\/zer-pedrera\/wp-content\/uploads\/usu1473\/2023\/03\/portada-2.jpg\" alt=\"\" width=\"424\" height=\"256\" srcset=\"https:\/\/agora.xtec.cat\/zer-pedrera\/wp-content\/uploads\/usu1473\/2023\/03\/portada-2.jpg 424w, https:\/\/agora.xtec.cat\/zer-pedrera\/wp-content\/uploads\/usu1473\/2023\/03\/portada-2-300x181.jpg 300w\" sizes=\"auto, (max-width: 424px) 100vw, 424px\" \/><\/a><\/p>\n","protected":false},"excerpt":{"rendered":"<p>Els nens i nenes de C.Inicial i infantil estem treballant a l&#8217;\u00e0rea de matem\u00e0tiques les figures i cossos geom\u00e8trics. Per fer-ho d&#8217;una manera manipulativa i l\u00fadica hem aprofitat el nostre entorn per sortir a identificar i dibuixar les formes que ens envolten. Ens ho hem&hellip;  <a href=\"https:\/\/agora.xtec.cat\/zer-pedrera\/general\/treballem-les-formes-i-cossos-geometrics\/\" title=\"Read Escola Porcel de Cervera.Treballem les formes i cossos geom\u00e8trics.\">Llegeix m\u00e9s\u00bb<\/a><\/p>\n","protected":false},"author":1,"featured_media":6700,"comment_status":"open","ping_status":"closed","sticky":false,"template":"","format":"standard","meta":{"_bbp_topic_count":0,"_bbp_reply_count":0,"_bbp_total_topic_count":0,"_bbp_total_reply_count":0,"_bbp_voice_count":0,"_bbp_anonymous_reply_count":0,"_bbp_topic_count_hidden":0,"_bbp_reply_count_hidden":0,"_bbp_forum_subforum_count":0,"footnotes":""},"categories":[113,111,1,126,29,89],"tags":[],"class_list":["post-6681","post","type-post","status-publish","format-standard","has-post-thumbnail","hentry","category-e-infantil","category-escola-porcel-de-cervera","category-general","category-matematiques","category-portada","category-primaria"],"post_mailing_queue_ids":[],"_links":{"self":[{"href":"https:\/\/agora.xtec.cat\/zer-pedrera\/wp-json\/wp\/v2\/posts\/6681","targetHints":{"allow":["GET"]}}],"collection":[{"href":"https:\/\/agora.xtec.cat\/zer-pedrera\/wp-json\/wp\/v2\/posts"}],"about":[{"href":"https:\/\/agora.xtec.cat\/zer-pedrera\/wp-json\/wp\/v2\/types\/post"}],"author":[{"embeddable":true,"href":"https:\/\/agora.xtec.cat\/zer-pedrera\/wp-json\/wp\/v2\/users\/1"}],"replies":[{"embeddable":true,"href":"https:\/\/agora.xtec.cat\/zer-pedrera\/wp-json\/wp\/v2\/comments?post=6681"}],"version-history":[{"count":3,"href":"https:\/\/agora.xtec.cat\/zer-pedrera\/wp-json\/wp\/v2\/posts\/6681\/revisions"}],"predecessor-version":[{"id":6711,"href":"https:\/\/agora.xtec.cat\/zer-pedrera\/wp-json\/wp\/v2\/posts\/6681\/revisions\/6711"}],"wp:featuredmedia":[{"embeddable":true,"href":"https:\/\/agora.xtec.cat\/zer-pedrera\/wp-json\/wp\/v2\/media\/6700"}],"wp:attachment":[{"href":"https:\/\/agora.xtec.cat\/zer-pedrera\/wp-json\/wp\/v2\/media?parent=6681"}],"wp:term":[{"taxonomy":"category","embeddable":true,"href":"https:\/\/agora.xtec.cat\/zer-pedrera\/wp-json\/wp\/v2\/categories?post=6681"},{"taxonomy":"post_tag","embeddable":true,"href":"https:\/\/agora.xtec.cat\/zer-pedrera\/wp-json\/wp\/v2\/tags?post=6681"}],"curies":[{"name":"wp","href":"https:\/\/api.w.org\/{rel}","templated":true}]}}