{"id":6678,"date":"2023-03-13T17:10:21","date_gmt":"2023-03-13T16:10:21","guid":{"rendered":"https:\/\/agora.xtec.cat\/zer-pedrera\/?p=6678"},"modified":"2023-03-13T17:10:21","modified_gmt":"2023-03-13T16:10:21","slug":"el-nostre-castell-ja-agafa-forma","status":"publish","type":"post","link":"https:\/\/agora.xtec.cat\/zer-pedrera\/general\/el-nostre-castell-ja-agafa-forma\/","title":{"rendered":"El nostre castell ja agafa forma!"},"content":{"rendered":"<p>Com ja us vam explicar en un altre article, estem convertint l&#8217;escola en el nostre particular Castell Rinet.<\/p>\n<p>Portem molts dies decorant les parets del passad\u00eds perqu\u00e8 cada cop s&#8217;assembli m\u00e9s a un castell i la veritat \u00e9s que l&#8217;esfor\u00e7 comen\u00e7a a donar els seus fruits. Estem avan\u00e7ant poc\u00a0 a poc per\u00f2 ens ho estem passant pipa amb els pinzells, els colors, retallant&#8230;<\/p>\n<p>Voleu veure que bonic ens est\u00e0 quedant? No us perdeu aquestes fotos clicant a la imatge!<\/p>\n<p style=\"text-align: center;\"><a href=\"https:\/\/photos.app.goo.gl\/NT6pHX7GjJE2h4Go9\"><img loading=\"lazy\" decoding=\"async\" class=\"alignnone size-full wp-image-6704\" src=\"https:\/\/agora.xtec.cat\/zer-pedrera\/wp-content\/uploads\/usu1473\/2023\/03\/Portada-1.jpg\" alt=\"\" width=\"378\" height=\"504\" srcset=\"https:\/\/agora.xtec.cat\/zer-pedrera\/wp-content\/uploads\/usu1473\/2023\/03\/Portada-1.jpg 378w, https:\/\/agora.xtec.cat\/zer-pedrera\/wp-content\/uploads\/usu1473\/2023\/03\/Portada-1-225x300.jpg 225w\" sizes=\"auto, (max-width: 378px) 100vw, 378px\" \/><\/a><\/p>\n","protected":false},"excerpt":{"rendered":"<p>Com ja us vam explicar en un altre article, estem convertint l&#8217;escola en el nostre particular Castell Rinet.<br \/>\nPortem molts dies decorant les parets del passad\u00eds perqu\u00e8 cada cop s&#8217;assembli m\u00e9s a un castell i la veritat \u00e9s que l&#8217;esfor\u00e7 comen\u00e7a a donar els seus fruits.&hellip;  <a href=\"https:\/\/agora.xtec.cat\/zer-pedrera\/general\/el-nostre-castell-ja-agafa-forma\/\" title=\"Read El nostre castell ja agafa forma!\">Llegeix m\u00e9s\u00bb<\/a><\/p>\n","protected":false},"author":1,"featured_media":6704,"comment_status":"open","ping_status":"closed","sticky":false,"template":"","format":"standard","meta":{"_bbp_topic_count":0,"_bbp_reply_count":0,"_bbp_total_topic_count":0,"_bbp_total_reply_count":0,"_bbp_voice_count":0,"_bbp_anonymous_reply_count":0,"_bbp_topic_count_hidden":0,"_bbp_reply_count_hidden":0,"_bbp_forum_subforum_count":0,"footnotes":""},"categories":[111,1,119,29,89,120],"tags":[],"class_list":["post-6678","post","type-post","status-publish","format-standard","has-post-thumbnail","hentry","category-escola-porcel-de-cervera","category-general","category-plastica","category-portada","category-primaria","category-projectes"],"post_mailing_queue_ids":[],"_links":{"self":[{"href":"https:\/\/agora.xtec.cat\/zer-pedrera\/wp-json\/wp\/v2\/posts\/6678","targetHints":{"allow":["GET"]}}],"collection":[{"href":"https:\/\/agora.xtec.cat\/zer-pedrera\/wp-json\/wp\/v2\/posts"}],"about":[{"href":"https:\/\/agora.xtec.cat\/zer-pedrera\/wp-json\/wp\/v2\/types\/post"}],"author":[{"embeddable":true,"href":"https:\/\/agora.xtec.cat\/zer-pedrera\/wp-json\/wp\/v2\/users\/1"}],"replies":[{"embeddable":true,"href":"https:\/\/agora.xtec.cat\/zer-pedrera\/wp-json\/wp\/v2\/comments?post=6678"}],"version-history":[{"count":2,"href":"https:\/\/agora.xtec.cat\/zer-pedrera\/wp-json\/wp\/v2\/posts\/6678\/revisions"}],"predecessor-version":[{"id":6705,"href":"https:\/\/agora.xtec.cat\/zer-pedrera\/wp-json\/wp\/v2\/posts\/6678\/revisions\/6705"}],"wp:featuredmedia":[{"embeddable":true,"href":"https:\/\/agora.xtec.cat\/zer-pedrera\/wp-json\/wp\/v2\/media\/6704"}],"wp:attachment":[{"href":"https:\/\/agora.xtec.cat\/zer-pedrera\/wp-json\/wp\/v2\/media?parent=6678"}],"wp:term":[{"taxonomy":"category","embeddable":true,"href":"https:\/\/agora.xtec.cat\/zer-pedrera\/wp-json\/wp\/v2\/categories?post=6678"},{"taxonomy":"post_tag","embeddable":true,"href":"https:\/\/agora.xtec.cat\/zer-pedrera\/wp-json\/wp\/v2\/tags?post=6678"}],"curies":[{"name":"wp","href":"https:\/\/api.w.org\/{rel}","templated":true}]}}