{"id":6671,"date":"2023-03-13T15:26:43","date_gmt":"2023-03-13T14:26:43","guid":{"rendered":"https:\/\/agora.xtec.cat\/zer-pedrera\/?p=6671"},"modified":"2023-03-13T16:51:32","modified_gmt":"2023-03-13T15:51:32","slug":"celebrem-laniversari-de-la-maria-s","status":"publish","type":"post","link":"https:\/\/agora.xtec.cat\/zer-pedrera\/primaria\/celebrem-laniversari-de-la-maria-s\/","title":{"rendered":"Celebrem l&#8217;aniversari de la Maria S."},"content":{"rendered":"<p>Aquest dijous, la nostra companya de 4t, Maria S. ha celebrat el seu aniversari. Per seguir amb la tradici\u00f3 de la classe, li hem fet una targeta amb dibuixos i signatures molt divertits! Com no podia faltar li hem cantat la can\u00e7\u00f3 d&#8217;aniversari i li hem regalat moltes abra\u00e7ades. Ella ens ha portat uns detallets molt macos que de ben segur li donarem molta utilitat!<\/p>\n<p>Maria per molts anys de part de tots-es els teus companys-es i mestres!<\/p>\n<p><a href=\"https:\/\/photos.app.goo.gl\/QWcUg7QJfHxhBRLL9\"><img loading=\"lazy\" decoding=\"async\" class=\"wp-image-6674 aligncenter\" src=\"https:\/\/agora.xtec.cat\/zer-pedrera\/wp-content\/uploads\/usu1473\/2023\/03\/maria-rotated.jpg\" alt=\"\" width=\"283\" height=\"377\" srcset=\"https:\/\/agora.xtec.cat\/zer-pedrera\/wp-content\/uploads\/usu1473\/2023\/03\/maria-rotated.jpg 728w, https:\/\/agora.xtec.cat\/zer-pedrera\/wp-content\/uploads\/usu1473\/2023\/03\/maria-225x300.jpg 225w\" sizes=\"auto, (max-width: 283px) 100vw, 283px\" \/><\/a><\/p>\n<p>&nbsp;<\/p>\n","protected":false},"excerpt":{"rendered":"<p>Aquest dijous, la nostra companya de 4t, Maria S. ha celebrat el seu aniversari. Per seguir amb la tradici\u00f3 de la classe, li hem fet una targeta amb dibuixos i signatures molt divertits! Com no podia faltar li hem cantat la can\u00e7\u00f3 d&#8217;aniversari i li&hellip;  <a href=\"https:\/\/agora.xtec.cat\/zer-pedrera\/primaria\/celebrem-laniversari-de-la-maria-s\/\" title=\"Read Celebrem l&#8217;aniversari de la Maria S.\">Llegeix m\u00e9s\u00bb<\/a><\/p>\n","protected":false},"author":1,"featured_media":6674,"comment_status":"open","ping_status":"closed","sticky":false,"template":"","format":"standard","meta":{"_bbp_topic_count":0,"_bbp_reply_count":0,"_bbp_total_topic_count":0,"_bbp_total_reply_count":0,"_bbp_voice_count":0,"_bbp_anonymous_reply_count":0,"_bbp_topic_count_hidden":0,"_bbp_reply_count_hidden":0,"_bbp_forum_subforum_count":0,"footnotes":""},"categories":[146,111,89],"tags":[],"class_list":["post-6671","post","type-post","status-publish","format-standard","has-post-thumbnail","hentry","category-aniversaris","category-escola-porcel-de-cervera","category-primaria"],"post_mailing_queue_ids":[],"_links":{"self":[{"href":"https:\/\/agora.xtec.cat\/zer-pedrera\/wp-json\/wp\/v2\/posts\/6671","targetHints":{"allow":["GET"]}}],"collection":[{"href":"https:\/\/agora.xtec.cat\/zer-pedrera\/wp-json\/wp\/v2\/posts"}],"about":[{"href":"https:\/\/agora.xtec.cat\/zer-pedrera\/wp-json\/wp\/v2\/types\/post"}],"author":[{"embeddable":true,"href":"https:\/\/agora.xtec.cat\/zer-pedrera\/wp-json\/wp\/v2\/users\/1"}],"replies":[{"embeddable":true,"href":"https:\/\/agora.xtec.cat\/zer-pedrera\/wp-json\/wp\/v2\/comments?post=6671"}],"version-history":[{"count":3,"href":"https:\/\/agora.xtec.cat\/zer-pedrera\/wp-json\/wp\/v2\/posts\/6671\/revisions"}],"predecessor-version":[{"id":6689,"href":"https:\/\/agora.xtec.cat\/zer-pedrera\/wp-json\/wp\/v2\/posts\/6671\/revisions\/6689"}],"wp:featuredmedia":[{"embeddable":true,"href":"https:\/\/agora.xtec.cat\/zer-pedrera\/wp-json\/wp\/v2\/media\/6674"}],"wp:attachment":[{"href":"https:\/\/agora.xtec.cat\/zer-pedrera\/wp-json\/wp\/v2\/media?parent=6671"}],"wp:term":[{"taxonomy":"category","embeddable":true,"href":"https:\/\/agora.xtec.cat\/zer-pedrera\/wp-json\/wp\/v2\/categories?post=6671"},{"taxonomy":"post_tag","embeddable":true,"href":"https:\/\/agora.xtec.cat\/zer-pedrera\/wp-json\/wp\/v2\/tags?post=6671"}],"curies":[{"name":"wp","href":"https:\/\/api.w.org\/{rel}","templated":true}]}}