{"id":6661,"date":"2023-03-08T15:13:36","date_gmt":"2023-03-08T14:13:36","guid":{"rendered":"https:\/\/agora.xtec.cat\/zer-pedrera\/?p=6661"},"modified":"2023-06-26T13:33:12","modified_gmt":"2023-06-26T11:33:12","slug":"preinscripcio-2023-2024","status":"publish","type":"post","link":"https:\/\/agora.xtec.cat\/zer-pedrera\/general\/preinscripcio-2023-2024\/","title":{"rendered":"PREINSCRIPCI\u00d3 2023-2024"},"content":{"rendered":"<p><strong>Preinscripci\u00f3 curs 2023-2024 e<\/strong><strong>ducaci\u00f3 infantil (3-6 anys) i educaci\u00f3 prim\u00e0ria .<\/strong><\/p>\n<p>Presentaci\u00f3 de sol\u00b7licituds:<\/p>\n<ul>\n<li>Educaci\u00f3 infantil (3-6 anys) i educaci\u00f3 prim\u00e0ria:\u00a0<strong>del 6 al 20 de mar\u00e7<\/strong><\/li>\n<\/ul>\n<p>PRESENTA LA TEVA SOL\u00b7LICITUD CLICANT <a href=\"https:\/\/preinscripcio.gencat.cat\/ca\/estudis\/infantil-3-6\/inici\/\" target=\"_blank\" rel=\"noopener\"><strong>AQU\u00cd<\/strong><\/a><\/p>\n<p>*Properament informarem sobre la preinscripci\u00f3 de l&#8217;alumnat de 1r Cicle d&#8217;Educaci\u00f3 Infantil (1-2 anys)<\/p>\n<p><strong>Matr\u00edcula:<\/strong><\/p>\n<ul>\n<li>Educaci\u00f3 infantil i educaci\u00f3 prim\u00e0ria:\u00a0<strong>del 20 al 28 de juny<\/strong><\/li>\n<\/ul>\n<p style=\"text-align: center;\"><a href=\"https:\/\/agora.xtec.cat\/zer-pedrera\/wp-content\/uploads\/usu1473\/2023\/03\/preinscripcio.gif_366457665.gif\"><img loading=\"lazy\" decoding=\"async\" class=\"alignnone size-full wp-image-6663\" src=\"https:\/\/agora.xtec.cat\/zer-pedrera\/wp-content\/uploads\/usu1473\/2023\/03\/preinscripcio.gif_366457665.gif\" alt=\"\" width=\"555\" height=\"506\" \/><\/a><\/p>\n","protected":false},"excerpt":{"rendered":"<p>Preinscripci\u00f3 curs 2023-2024 educaci\u00f3 infantil (3-6 anys) i educaci\u00f3 prim\u00e0ria .<br \/>\nPresentaci\u00f3 de sol\u00b7licituds:<\/p>\n<ul>\n<li>Educaci\u00f3 infantil (3-6 anys) i educaci\u00f3 prim\u00e0ria:\u00a0del 6 al 20 de mar\u00e7<\/li>\n<\/ul>\n<p>PRESENTA LA TEVA SOL\u00b7LICITUD CLICANT <a href=\"https:\/\/preinscripcio.gencat.cat\/ca\/estudis\/infantil-3-6\/inici\/\" target=\"_blank\" rel=\"noopener\">AQU\u00cd<\/a><br \/>\n*Properament informarem sobre la preinscripci\u00f3 de l&#8217;alumnat de 1r Cicle d&#8217;Educaci\u00f3 Infantil (1-2 anys)<br \/>\nMatr\u00edcula:<\/p>\n<ul>\n<li>Educaci\u00f3&hellip;  <a href=\"https:\/\/agora.xtec.cat\/zer-pedrera\/general\/preinscripcio-2023-2024\/\" title=\"Read PREINSCRIPCI\u00d3 2023-2024\">Llegeix m\u00e9s\u00bb<\/a><br \/>\n","protected":false},"author":1,"featured_media":6663,"comment_status":"open","ping_status":"closed","sticky":false,"template":"","format":"standard","meta":{"_bbp_topic_count":0,"_bbp_reply_count":0,"_bbp_total_topic_count":0,"_bbp_total_reply_count":0,"_bbp_voice_count":0,"_bbp_anonymous_reply_count":0,"_bbp_topic_count_hidden":0,"_bbp_reply_count_hidden":0,"_bbp_forum_subforum_count":0,"footnotes":""},"categories":[110,111,1,29],"tags":[],"class_list":["post-6661","post","type-post","status-publish","format-standard","has-post-thumbnail","hentry","category-escola-abat-ruera","category-escola-porcel-de-cervera","category-general","category-portada"],"post_mailing_queue_ids":[],"_links":{"self":[{"href":"https:\/\/agora.xtec.cat\/zer-pedrera\/wp-json\/wp\/v2\/posts\/6661","targetHints":{"allow":["GET"]}}],"collection":[{"href":"https:\/\/agora.xtec.cat\/zer-pedrera\/wp-json\/wp\/v2\/posts"}],"about":[{"href":"https:\/\/agora.xtec.cat\/zer-pedrera\/wp-json\/wp\/v2\/types\/post"}],"author":[{"embeddable":true,"href":"https:\/\/agora.xtec.cat\/zer-pedrera\/wp-json\/wp\/v2\/users\/1"}],"replies":[{"embeddable":true,"href":"https:\/\/agora.xtec.cat\/zer-pedrera\/wp-json\/wp\/v2\/comments?post=6661"}],"version-history":[{"count":4,"href":"https:\/\/agora.xtec.cat\/zer-pedrera\/wp-json\/wp\/v2\/posts\/6661\/revisions"}],"predecessor-version":[{"id":6668,"href":"https:\/\/agora.xtec.cat\/zer-pedrera\/wp-json\/wp\/v2\/posts\/6661\/revisions\/6668"}],"wp:featuredmedia":[{"embeddable":true,"href":"https:\/\/agora.xtec.cat\/zer-pedrera\/wp-json\/wp\/v2\/media\/6663"}],"wp:attachment":[{"href":"https:\/\/agora.xtec.cat\/zer-pedrera\/wp-json\/wp\/v2\/media?parent=6661"}],"wp:term":[{"taxonomy":"category","embeddable":true,"href":"https:\/\/agora.xtec.cat\/zer-pedrera\/wp-json\/wp\/v2\/categories?post=6661"},{"taxonomy":"post_tag","embeddable":true,"href":"https:\/\/agora.xtec.cat\/zer-pedrera\/wp-json\/wp\/v2\/tags?post=6661"}],"curies":[{"name":"wp","href":"https:\/\/api.w.org\/{rel}","templated":true}]}}