{"id":6652,"date":"2023-03-05T19:20:37","date_gmt":"2023-03-05T18:20:37","guid":{"rendered":"https:\/\/agora.xtec.cat\/zer-pedrera\/?p=6652"},"modified":"2023-03-05T19:20:37","modified_gmt":"2023-03-05T18:20:37","slug":"ei-i-ci-de-lescola-abat-ruera-educacio-fisica-amb-globus","status":"publish","type":"post","link":"https:\/\/agora.xtec.cat\/zer-pedrera\/general\/ei-i-ci-de-lescola-abat-ruera-educacio-fisica-amb-globus\/","title":{"rendered":"EI i CI de l&#8217;escola Abat Ruera. Educaci\u00f3 F\u00edsica amb globus"},"content":{"rendered":"<p>En aquesta sessi\u00f3 uns quants globus han estat el centre de la classe d&#8217;Educaci\u00f3 F\u00edsica d&#8217;avui. Gr\u00e0cies a ells l&#8217;alumnat d&#8217;Educaci\u00f3 Infantil i Cicle Inicial han treballat l&#8217;agilitat, la coordinaci\u00f3 i la cooperaci\u00f3, per\u00f2\u00a0el m\u00e9s important de tot \u00e9s que\u00a0han gaudit\u00a0molt perqu\u00e8 han passat tota l&#8217;estona rient!!!<br \/>\nPer veure m\u00e9s fotografies clicar damunt de la imatge.<\/p>\n<p style=\"text-align: center;\"><a href=\"https:\/\/photos.app.goo.gl\/J9EkfhQeLbNfCKSA6\" target=\"_blank\" rel=\"noopener\"><img loading=\"lazy\" decoding=\"async\" class=\"alignnone size-full wp-image-6653\" src=\"https:\/\/agora.xtec.cat\/zer-pedrera\/wp-content\/uploads\/usu1473\/2023\/03\/1677751156936.jpg\" alt=\"\" width=\"443\" height=\"591\" srcset=\"https:\/\/agora.xtec.cat\/zer-pedrera\/wp-content\/uploads\/usu1473\/2023\/03\/1677751156936.jpg 443w, https:\/\/agora.xtec.cat\/zer-pedrera\/wp-content\/uploads\/usu1473\/2023\/03\/1677751156936-225x300.jpg 225w\" sizes=\"auto, (max-width: 443px) 100vw, 443px\" \/><\/a><\/p>\n","protected":false},"excerpt":{"rendered":"<p>En aquesta sessi\u00f3 uns quants globus han estat el centre de la classe d&#8217;Educaci\u00f3 F\u00edsica d&#8217;avui. Gr\u00e0cies a ells l&#8217;alumnat d&#8217;Educaci\u00f3 Infantil i Cicle Inicial han treballat l&#8217;agilitat, la coordinaci\u00f3 i la cooperaci\u00f3, per\u00f2\u00a0el m\u00e9s important de tot \u00e9s que\u00a0han gaudit\u00a0molt perqu\u00e8 han passat tota&hellip;  <a href=\"https:\/\/agora.xtec.cat\/zer-pedrera\/general\/ei-i-ci-de-lescola-abat-ruera-educacio-fisica-amb-globus\/\" title=\"Read EI i CI de l&#8217;escola Abat Ruera. Educaci\u00f3 F\u00edsica amb globus\">Llegeix m\u00e9s\u00bb<\/a><\/p>\n","protected":false},"author":1,"featured_media":6653,"comment_status":"open","ping_status":"closed","sticky":false,"template":"","format":"standard","meta":{"_bbp_topic_count":0,"_bbp_reply_count":0,"_bbp_total_topic_count":0,"_bbp_total_reply_count":0,"_bbp_voice_count":0,"_bbp_anonymous_reply_count":0,"_bbp_topic_count_hidden":0,"_bbp_reply_count_hidden":0,"_bbp_forum_subforum_count":0,"footnotes":""},"categories":[113,199,110,1,29,89],"tags":[],"class_list":["post-6652","post","type-post","status-publish","format-standard","has-post-thumbnail","hentry","category-e-infantil","category-educacio-fisica","category-escola-abat-ruera","category-general","category-portada","category-primaria"],"post_mailing_queue_ids":[],"_links":{"self":[{"href":"https:\/\/agora.xtec.cat\/zer-pedrera\/wp-json\/wp\/v2\/posts\/6652","targetHints":{"allow":["GET"]}}],"collection":[{"href":"https:\/\/agora.xtec.cat\/zer-pedrera\/wp-json\/wp\/v2\/posts"}],"about":[{"href":"https:\/\/agora.xtec.cat\/zer-pedrera\/wp-json\/wp\/v2\/types\/post"}],"author":[{"embeddable":true,"href":"https:\/\/agora.xtec.cat\/zer-pedrera\/wp-json\/wp\/v2\/users\/1"}],"replies":[{"embeddable":true,"href":"https:\/\/agora.xtec.cat\/zer-pedrera\/wp-json\/wp\/v2\/comments?post=6652"}],"version-history":[{"count":1,"href":"https:\/\/agora.xtec.cat\/zer-pedrera\/wp-json\/wp\/v2\/posts\/6652\/revisions"}],"predecessor-version":[{"id":6654,"href":"https:\/\/agora.xtec.cat\/zer-pedrera\/wp-json\/wp\/v2\/posts\/6652\/revisions\/6654"}],"wp:featuredmedia":[{"embeddable":true,"href":"https:\/\/agora.xtec.cat\/zer-pedrera\/wp-json\/wp\/v2\/media\/6653"}],"wp:attachment":[{"href":"https:\/\/agora.xtec.cat\/zer-pedrera\/wp-json\/wp\/v2\/media?parent=6652"}],"wp:term":[{"taxonomy":"category","embeddable":true,"href":"https:\/\/agora.xtec.cat\/zer-pedrera\/wp-json\/wp\/v2\/categories?post=6652"},{"taxonomy":"post_tag","embeddable":true,"href":"https:\/\/agora.xtec.cat\/zer-pedrera\/wp-json\/wp\/v2\/tags?post=6652"}],"curies":[{"name":"wp","href":"https:\/\/api.w.org\/{rel}","templated":true}]}}