{"id":6629,"date":"2023-02-26T19:15:04","date_gmt":"2023-02-26T18:15:04","guid":{"rendered":"https:\/\/agora.xtec.cat\/zer-pedrera\/?p=6629"},"modified":"2023-02-26T19:15:04","modified_gmt":"2023-02-26T18:15:04","slug":"moltes-felicitats-gerard","status":"publish","type":"post","link":"https:\/\/agora.xtec.cat\/zer-pedrera\/escola-abat-ruera\/moltes-felicitats-gerard\/","title":{"rendered":"Moltes felicitats Gerard!"},"content":{"rendered":"<p>El nostre Gerard ja \u00e9s un any m\u00e9s gran! Ja t\u00e9 5 anys! Gaudeix-los molt!<\/p>\n<p><a href=\"https:\/\/agora.xtec.cat\/zer-pedrera\/wp-content\/uploads\/usu1473\/2023\/02\/1677341147110.jpg\"><img loading=\"lazy\" decoding=\"async\" class=\"alignnone size-full wp-image-6630 aligncenter\" src=\"https:\/\/agora.xtec.cat\/zer-pedrera\/wp-content\/uploads\/usu1473\/2023\/02\/1677341147110.jpg\" alt=\"\" width=\"395\" height=\"663\" srcset=\"https:\/\/agora.xtec.cat\/zer-pedrera\/wp-content\/uploads\/usu1473\/2023\/02\/1677341147110.jpg 395w, https:\/\/agora.xtec.cat\/zer-pedrera\/wp-content\/uploads\/usu1473\/2023\/02\/1677341147110-179x300.jpg 179w\" sizes=\"auto, (max-width: 395px) 100vw, 395px\" \/><\/a><\/p>\n","protected":false},"excerpt":{"rendered":"<p>El nostre Gerard ja \u00e9s un any m\u00e9s gran! Ja t\u00e9 5 anys! Gaudeix-los molt!<br \/>\n<a href=\"https:\/\/agora.xtec.cat\/zer-pedrera\/wp-content\/uploads\/usu1473\/2023\/02\/1677341147110.jpg\"><\/a><\/p>\n","protected":false},"author":1,"featured_media":6630,"comment_status":"open","ping_status":"closed","sticky":false,"template":"","format":"standard","meta":{"_bbp_topic_count":0,"_bbp_reply_count":0,"_bbp_total_topic_count":0,"_bbp_total_reply_count":0,"_bbp_voice_count":0,"_bbp_anonymous_reply_count":0,"_bbp_topic_count_hidden":0,"_bbp_reply_count_hidden":0,"_bbp_forum_subforum_count":0,"footnotes":""},"categories":[146,113,110],"tags":[],"class_list":["post-6629","post","type-post","status-publish","format-standard","has-post-thumbnail","hentry","category-aniversaris","category-e-infantil","category-escola-abat-ruera"],"post_mailing_queue_ids":[],"_links":{"self":[{"href":"https:\/\/agora.xtec.cat\/zer-pedrera\/wp-json\/wp\/v2\/posts\/6629","targetHints":{"allow":["GET"]}}],"collection":[{"href":"https:\/\/agora.xtec.cat\/zer-pedrera\/wp-json\/wp\/v2\/posts"}],"about":[{"href":"https:\/\/agora.xtec.cat\/zer-pedrera\/wp-json\/wp\/v2\/types\/post"}],"author":[{"embeddable":true,"href":"https:\/\/agora.xtec.cat\/zer-pedrera\/wp-json\/wp\/v2\/users\/1"}],"replies":[{"embeddable":true,"href":"https:\/\/agora.xtec.cat\/zer-pedrera\/wp-json\/wp\/v2\/comments?post=6629"}],"version-history":[{"count":1,"href":"https:\/\/agora.xtec.cat\/zer-pedrera\/wp-json\/wp\/v2\/posts\/6629\/revisions"}],"predecessor-version":[{"id":6631,"href":"https:\/\/agora.xtec.cat\/zer-pedrera\/wp-json\/wp\/v2\/posts\/6629\/revisions\/6631"}],"wp:featuredmedia":[{"embeddable":true,"href":"https:\/\/agora.xtec.cat\/zer-pedrera\/wp-json\/wp\/v2\/media\/6630"}],"wp:attachment":[{"href":"https:\/\/agora.xtec.cat\/zer-pedrera\/wp-json\/wp\/v2\/media?parent=6629"}],"wp:term":[{"taxonomy":"category","embeddable":true,"href":"https:\/\/agora.xtec.cat\/zer-pedrera\/wp-json\/wp\/v2\/categories?post=6629"},{"taxonomy":"post_tag","embeddable":true,"href":"https:\/\/agora.xtec.cat\/zer-pedrera\/wp-json\/wp\/v2\/tags?post=6629"}],"curies":[{"name":"wp","href":"https:\/\/api.w.org\/{rel}","templated":true}]}}