{"id":6618,"date":"2023-02-23T19:11:59","date_gmt":"2023-02-23T18:11:59","guid":{"rendered":"https:\/\/agora.xtec.cat\/zer-pedrera\/?p=6618"},"modified":"2023-02-23T19:11:59","modified_gmt":"2023-02-23T18:11:59","slug":"ens-graven-per-a-fer-un-video-promocional-de-lescola-porcel-de-cervera","status":"publish","type":"post","link":"https:\/\/agora.xtec.cat\/zer-pedrera\/general\/ens-graven-per-a-fer-un-video-promocional-de-lescola-porcel-de-cervera\/","title":{"rendered":"Ens graven per a fer un v\u00eddeo promocional de l&#8217;escola Porcel de Cervera."},"content":{"rendered":"<p style=\"text-align: left;\">Aquests dies ens hem sentit actors i actrius gravant en un estudi professional. En Jose\u00a0 Cots est\u00e0 preparant un v\u00eddeo per promocionar i donar a con\u00e8ixer la nostra escola i la nostra Llar d&#8217;infants, que si tot va b\u00e9, tornar\u00e0 a funcionar a partir del curs vinent.<\/p>\n<p style=\"text-align: left;\">Doncs b\u00e9, en Jose va muntar un estudi professional amb focus, paraig\u00fces de fotografia\u00a0 i fins i tot una pantalla croma per gravar les nostres opinions i comentaris. A m\u00e9s, va entrar a les aules a veure com treball\u00e0vem i va fer fotografies a l&#8217;escoleta, que pr\u00e8viament algunes fam\u00edlies de l&#8217;AFA havien acondicionat. Moltes gr\u00e0cies a tots per la implicaci\u00f3!!!!<\/p>\n<p style=\"text-align: left;\">Si en voleu veure unes imatges cliqueu<a href=\"https:\/\/photos.app.goo.gl\/EMXcJ6rQJuQ5kx2c8\"> AQU\u00cd<\/a><\/p>\n<p style=\"text-align: left;\"><a href=\"https:\/\/agora.xtec.cat\/zer-pedrera\/wp-content\/uploads\/usu1473\/2023\/02\/1-4.jpg\"><img loading=\"lazy\" decoding=\"async\" class=\"size-full wp-image-6620 aligncenter\" src=\"https:\/\/agora.xtec.cat\/zer-pedrera\/wp-content\/uploads\/usu1473\/2023\/02\/1-4.jpg\" alt=\"\" width=\"500\" height=\"281\" srcset=\"https:\/\/agora.xtec.cat\/zer-pedrera\/wp-content\/uploads\/usu1473\/2023\/02\/1-4.jpg 500w, https:\/\/agora.xtec.cat\/zer-pedrera\/wp-content\/uploads\/usu1473\/2023\/02\/1-4-300x169.jpg 300w\" sizes=\"auto, (max-width: 500px) 100vw, 500px\" \/><\/a><\/p>\n","protected":false},"excerpt":{"rendered":"<p>Aquests dies ens hem sentit actors i actrius gravant en un estudi professional. En Jose\u00a0 Cots est\u00e0 preparant un v\u00eddeo per promocionar i donar a con\u00e8ixer la nostra escola i la nostra Llar d&#8217;infants, que si tot va b\u00e9, tornar\u00e0 a funcionar a partir del&hellip;  <a href=\"https:\/\/agora.xtec.cat\/zer-pedrera\/general\/ens-graven-per-a-fer-un-video-promocional-de-lescola-porcel-de-cervera\/\" title=\"Read Ens graven per a fer un v\u00eddeo promocional de l&#8217;escola Porcel de Cervera.\">Llegeix m\u00e9s\u00bb<\/a><\/p>\n","protected":false},"author":1,"featured_media":6620,"comment_status":"open","ping_status":"closed","sticky":false,"template":"","format":"standard","meta":{"_bbp_topic_count":0,"_bbp_reply_count":0,"_bbp_total_topic_count":0,"_bbp_total_reply_count":0,"_bbp_voice_count":0,"_bbp_anonymous_reply_count":0,"_bbp_topic_count_hidden":0,"_bbp_reply_count_hidden":0,"_bbp_forum_subforum_count":0,"footnotes":""},"categories":[113,111,1,29,89],"tags":[],"class_list":["post-6618","post","type-post","status-publish","format-standard","has-post-thumbnail","hentry","category-e-infantil","category-escola-porcel-de-cervera","category-general","category-portada","category-primaria"],"post_mailing_queue_ids":[],"_links":{"self":[{"href":"https:\/\/agora.xtec.cat\/zer-pedrera\/wp-json\/wp\/v2\/posts\/6618","targetHints":{"allow":["GET"]}}],"collection":[{"href":"https:\/\/agora.xtec.cat\/zer-pedrera\/wp-json\/wp\/v2\/posts"}],"about":[{"href":"https:\/\/agora.xtec.cat\/zer-pedrera\/wp-json\/wp\/v2\/types\/post"}],"author":[{"embeddable":true,"href":"https:\/\/agora.xtec.cat\/zer-pedrera\/wp-json\/wp\/v2\/users\/1"}],"replies":[{"embeddable":true,"href":"https:\/\/agora.xtec.cat\/zer-pedrera\/wp-json\/wp\/v2\/comments?post=6618"}],"version-history":[{"count":4,"href":"https:\/\/agora.xtec.cat\/zer-pedrera\/wp-json\/wp\/v2\/posts\/6618\/revisions"}],"predecessor-version":[{"id":6625,"href":"https:\/\/agora.xtec.cat\/zer-pedrera\/wp-json\/wp\/v2\/posts\/6618\/revisions\/6625"}],"wp:featuredmedia":[{"embeddable":true,"href":"https:\/\/agora.xtec.cat\/zer-pedrera\/wp-json\/wp\/v2\/media\/6620"}],"wp:attachment":[{"href":"https:\/\/agora.xtec.cat\/zer-pedrera\/wp-json\/wp\/v2\/media?parent=6618"}],"wp:term":[{"taxonomy":"category","embeddable":true,"href":"https:\/\/agora.xtec.cat\/zer-pedrera\/wp-json\/wp\/v2\/categories?post=6618"},{"taxonomy":"post_tag","embeddable":true,"href":"https:\/\/agora.xtec.cat\/zer-pedrera\/wp-json\/wp\/v2\/tags?post=6618"}],"curies":[{"name":"wp","href":"https:\/\/api.w.org\/{rel}","templated":true}]}}