{"id":6573,"date":"2023-02-12T12:55:31","date_gmt":"2023-02-12T11:55:31","guid":{"rendered":"https:\/\/agora.xtec.cat\/zer-pedrera\/?p=6573"},"modified":"2023-02-12T12:55:31","modified_gmt":"2023-02-12T11:55:31","slug":"escola-abat-ruera-dia-internacional-de-la-dona-cientifica","status":"publish","type":"post","link":"https:\/\/agora.xtec.cat\/zer-pedrera\/general\/escola-abat-ruera-dia-internacional-de-la-dona-cientifica\/","title":{"rendered":"Escola Abat Ruera. Dia Internacional de la Dona Cient\u00edfica"},"content":{"rendered":"<p>El Dia Internacional de les Dones i les Nenes en la Ci\u00e8ncia es va decidir per tal de promoure la participaci\u00f3 plena i en condicions d&#8217;igualtat de les dones i les nenes en l&#8217;educaci\u00f3 i en l&#8217;ocupaci\u00f3 cient\u00edfica, i eliminar tota mena de discriminaci\u00f3 contra les dones en el m\u00f3n cient\u00edfic.<br \/>\nDes de l&#8217;escola creiem plenament en la igualtat d&#8217;oportunitats i per aquest motiu hem volgut celebrar aquest dia amb dues activitats.<br \/>\nEn la primera activitat, la Ramona, ens ha explicat contes envers aquesta tem\u00e0tica. Per veure les fotografies clicar <a href=\"https:\/\/photos.app.goo.gl\/W8EdH7hmLtRpuT3dA\" target=\"_blank\" rel=\"noopener\">AQU\u00cd<\/a><br \/>\nEn la segona activitat, l&#8217;alumnat de CI i CM han treballat en grups buscant informaci\u00f3 sobre dones cient\u00edfiques. Per veure les fotografies clicar <a href=\"https:\/\/photos.app.goo.gl\/VnnnDUkYBqhLC2Xh9\" target=\"_blank\" rel=\"noopener\">AQU\u00cd<\/a><\/p>\n<p style=\"text-align: center;\"><a href=\"https:\/\/agora.xtec.cat\/zer-pedrera\/wp-content\/uploads\/usu1473\/2023\/02\/dona-ciencia_0.png\"><img loading=\"lazy\" decoding=\"async\" class=\"alignnone size-full wp-image-6574\" src=\"https:\/\/agora.xtec.cat\/zer-pedrera\/wp-content\/uploads\/usu1473\/2023\/02\/dona-ciencia_0.png\" alt=\"\" width=\"706\" height=\"370\" srcset=\"https:\/\/agora.xtec.cat\/zer-pedrera\/wp-content\/uploads\/usu1473\/2023\/02\/dona-ciencia_0.png 706w, https:\/\/agora.xtec.cat\/zer-pedrera\/wp-content\/uploads\/usu1473\/2023\/02\/dona-ciencia_0-300x157.png 300w\" sizes=\"auto, (max-width: 706px) 100vw, 706px\" \/><\/a><\/p>\n<p>&nbsp;<\/p>\n","protected":false},"excerpt":{"rendered":"<p>El Dia Internacional de les Dones i les Nenes en la Ci\u00e8ncia es va decidir per tal de promoure la participaci\u00f3 plena i en condicions d&#8217;igualtat de les dones i les nenes en l&#8217;educaci\u00f3 i en l&#8217;ocupaci\u00f3 cient\u00edfica, i eliminar tota mena de discriminaci\u00f3 contra&hellip;  <a href=\"https:\/\/agora.xtec.cat\/zer-pedrera\/general\/escola-abat-ruera-dia-internacional-de-la-dona-cientifica\/\" title=\"Read Escola Abat Ruera. Dia Internacional de la Dona Cient\u00edfica\">Llegeix m\u00e9s\u00bb<\/a><\/p>\n","protected":false},"author":1,"featured_media":6574,"comment_status":"open","ping_status":"closed","sticky":false,"template":"","format":"standard","meta":{"_bbp_topic_count":0,"_bbp_reply_count":0,"_bbp_total_topic_count":0,"_bbp_total_reply_count":0,"_bbp_voice_count":0,"_bbp_anonymous_reply_count":0,"_bbp_topic_count_hidden":0,"_bbp_reply_count_hidden":0,"_bbp_forum_subforum_count":0,"footnotes":""},"categories":[113,145,110,1,116,29,89,120],"tags":[],"class_list":["post-6573","post","type-post","status-publish","format-standard","has-post-thumbnail","hentry","category-e-infantil","category-educacio-en-valors","category-escola-abat-ruera","category-general","category-medi","category-portada","category-primaria","category-projectes"],"post_mailing_queue_ids":[],"_links":{"self":[{"href":"https:\/\/agora.xtec.cat\/zer-pedrera\/wp-json\/wp\/v2\/posts\/6573","targetHints":{"allow":["GET"]}}],"collection":[{"href":"https:\/\/agora.xtec.cat\/zer-pedrera\/wp-json\/wp\/v2\/posts"}],"about":[{"href":"https:\/\/agora.xtec.cat\/zer-pedrera\/wp-json\/wp\/v2\/types\/post"}],"author":[{"embeddable":true,"href":"https:\/\/agora.xtec.cat\/zer-pedrera\/wp-json\/wp\/v2\/users\/1"}],"replies":[{"embeddable":true,"href":"https:\/\/agora.xtec.cat\/zer-pedrera\/wp-json\/wp\/v2\/comments?post=6573"}],"version-history":[{"count":1,"href":"https:\/\/agora.xtec.cat\/zer-pedrera\/wp-json\/wp\/v2\/posts\/6573\/revisions"}],"predecessor-version":[{"id":6575,"href":"https:\/\/agora.xtec.cat\/zer-pedrera\/wp-json\/wp\/v2\/posts\/6573\/revisions\/6575"}],"wp:featuredmedia":[{"embeddable":true,"href":"https:\/\/agora.xtec.cat\/zer-pedrera\/wp-json\/wp\/v2\/media\/6574"}],"wp:attachment":[{"href":"https:\/\/agora.xtec.cat\/zer-pedrera\/wp-json\/wp\/v2\/media?parent=6573"}],"wp:term":[{"taxonomy":"category","embeddable":true,"href":"https:\/\/agora.xtec.cat\/zer-pedrera\/wp-json\/wp\/v2\/categories?post=6573"},{"taxonomy":"post_tag","embeddable":true,"href":"https:\/\/agora.xtec.cat\/zer-pedrera\/wp-json\/wp\/v2\/tags?post=6573"}],"curies":[{"name":"wp","href":"https:\/\/api.w.org\/{rel}","templated":true}]}}