{"id":6544,"date":"2023-02-06T11:36:40","date_gmt":"2023-02-06T10:36:40","guid":{"rendered":"https:\/\/agora.xtec.cat\/zer-pedrera\/?p=6544"},"modified":"2023-02-06T11:37:01","modified_gmt":"2023-02-06T10:37:01","slug":"ci-de-lescola-abat-ruera-taller-de-picasso","status":"publish","type":"post","link":"https:\/\/agora.xtec.cat\/zer-pedrera\/portada\/ci-de-lescola-abat-ruera-taller-de-picasso\/","title":{"rendered":"CI de l&#8217;escola Abat Ruera. Taller geom\u00e8tric"},"content":{"rendered":"<p>Les nostres practicants, la Nerea i\u00a0l&#8217;\u00cdngrid, ens van preparar un taller geom\u00e8tric. A partir d&#8217;obres de Picasso els alumnes van poder repassar les figures geom\u00e8triques. Els alumnes van crear les seves pr\u00f2pies obres d&#8217;art.<br \/>\nPer veure les fotografies de l&#8217;activitat clicar damunt de la imatge.<\/p>\n<p style=\"text-align: center;\"><a href=\"https:\/\/photos.app.goo.gl\/in4azi5iVHWt8wyLA\" target=\"_blank\" rel=\"noopener\"><img loading=\"lazy\" decoding=\"async\" class=\"alignnone size-full wp-image-6545\" src=\"https:\/\/agora.xtec.cat\/zer-pedrera\/wp-content\/uploads\/usu1473\/2023\/02\/Self-Portrait-1907-by-pablo-picasso-coloring-page.jpg\" alt=\"\" width=\"453\" height=\"478\" srcset=\"https:\/\/agora.xtec.cat\/zer-pedrera\/wp-content\/uploads\/usu1473\/2023\/02\/Self-Portrait-1907-by-pablo-picasso-coloring-page.jpg 453w, https:\/\/agora.xtec.cat\/zer-pedrera\/wp-content\/uploads\/usu1473\/2023\/02\/Self-Portrait-1907-by-pablo-picasso-coloring-page-284x300.jpg 284w\" sizes=\"auto, (max-width: 453px) 100vw, 453px\" \/><\/a><\/p>\n","protected":false},"excerpt":{"rendered":"<p>Les nostres practicants, la Nerea i\u00a0l&#8217;\u00cdngrid, ens van preparar un taller geom\u00e8tric. A partir d&#8217;obres de Picasso els alumnes van poder repassar les figures geom\u00e8triques. Els alumnes van crear les seves pr\u00f2pies obres d&#8217;art.<br \/>\nPer veure les fotografies de l&#8217;activitat clicar damunt de la imatge.<br \/>\n<a href=\"https:\/\/photos.app.goo.gl\/in4azi5iVHWt8wyLA\"&hellip;  <a href=\"https:\/\/agora.xtec.cat\/zer-pedrera\/portada\/ci-de-lescola-abat-ruera-taller-de-picasso\/\" title=\"Read CI de l&#8217;escola Abat Ruera. Taller geom\u00e8tric\">Llegeix m\u00e9s\u00bb<\/a><\/p>\n","protected":false},"author":1,"featured_media":6545,"comment_status":"open","ping_status":"closed","sticky":false,"template":"","format":"standard","meta":{"_bbp_topic_count":0,"_bbp_reply_count":0,"_bbp_total_topic_count":0,"_bbp_total_reply_count":0,"_bbp_voice_count":0,"_bbp_anonymous_reply_count":0,"_bbp_topic_count_hidden":0,"_bbp_reply_count_hidden":0,"_bbp_forum_subforum_count":0,"footnotes":""},"categories":[110,126,29,89,120],"tags":[],"class_list":["post-6544","post","type-post","status-publish","format-standard","has-post-thumbnail","hentry","category-escola-abat-ruera","category-matematiques","category-portada","category-primaria","category-projectes"],"post_mailing_queue_ids":[],"_links":{"self":[{"href":"https:\/\/agora.xtec.cat\/zer-pedrera\/wp-json\/wp\/v2\/posts\/6544","targetHints":{"allow":["GET"]}}],"collection":[{"href":"https:\/\/agora.xtec.cat\/zer-pedrera\/wp-json\/wp\/v2\/posts"}],"about":[{"href":"https:\/\/agora.xtec.cat\/zer-pedrera\/wp-json\/wp\/v2\/types\/post"}],"author":[{"embeddable":true,"href":"https:\/\/agora.xtec.cat\/zer-pedrera\/wp-json\/wp\/v2\/users\/1"}],"replies":[{"embeddable":true,"href":"https:\/\/agora.xtec.cat\/zer-pedrera\/wp-json\/wp\/v2\/comments?post=6544"}],"version-history":[{"count":3,"href":"https:\/\/agora.xtec.cat\/zer-pedrera\/wp-json\/wp\/v2\/posts\/6544\/revisions"}],"predecessor-version":[{"id":6548,"href":"https:\/\/agora.xtec.cat\/zer-pedrera\/wp-json\/wp\/v2\/posts\/6544\/revisions\/6548"}],"wp:featuredmedia":[{"embeddable":true,"href":"https:\/\/agora.xtec.cat\/zer-pedrera\/wp-json\/wp\/v2\/media\/6545"}],"wp:attachment":[{"href":"https:\/\/agora.xtec.cat\/zer-pedrera\/wp-json\/wp\/v2\/media?parent=6544"}],"wp:term":[{"taxonomy":"category","embeddable":true,"href":"https:\/\/agora.xtec.cat\/zer-pedrera\/wp-json\/wp\/v2\/categories?post=6544"},{"taxonomy":"post_tag","embeddable":true,"href":"https:\/\/agora.xtec.cat\/zer-pedrera\/wp-json\/wp\/v2\/tags?post=6544"}],"curies":[{"name":"wp","href":"https:\/\/api.w.org\/{rel}","templated":true}]}}