{"id":6537,"date":"2023-02-06T10:28:08","date_gmt":"2023-02-06T09:28:08","guid":{"rendered":"https:\/\/agora.xtec.cat\/zer-pedrera\/?p=6537"},"modified":"2023-02-06T10:31:24","modified_gmt":"2023-02-06T09:31:24","slug":"zer-pedrera-taller-dastronomia","status":"publish","type":"post","link":"https:\/\/agora.xtec.cat\/zer-pedrera\/portada\/zer-pedrera-taller-dastronomia\/","title":{"rendered":"ZER Pedrera. Taller d&#8217;Astronomia"},"content":{"rendered":"<p>Aquest divendres tot l&#8217;alumnat de la\u00a0<span class=\"hiddenSpellError\">ZER<\/span>\u00a0ha gaudit d&#8217;un Taller d&#8217;Astronomia el qual ha constat de dues activitats.<br \/>\nActivitat 1. El telescopi i les constel\u00b7lacions. L&#8217;alumnat ha vist un telescopi i el seu funcionament, recordant la composici\u00f3 del sistema solar i descobrint com estudiaven el cel els nostres avantpassats a trav\u00e9s de l&#8217;observaci\u00f3 del cel i les constel\u00b7lacions i, com l&#8217;estudiem avui dia.<br \/>\nActivitat 2. Han descobert m\u00e8todes per descobrir nous cossos celestes.<br \/>\nPer veure les fotografies de l&#8217;activitat clicar:<br \/>\n<a href=\"https:\/\/photos.app.goo.gl\/VhdCNhMPPBZhbCQz8\" target=\"_blank\" rel=\"noopener\">AQU\u00cd<\/a> Escola\u00a0<span class=\"hiddenSpellError\">Porcel<\/span>\u00a0de Cervera.<br \/>\n<span class=\"hiddenGreenError\" style=\"padding-bottom: 2px; background-image: url('..\/..\/..\/..\/..\/images\/squiggle_green.png'); background-repeat: repeat-x; background-position: left bottom; cursor: default; color: #000000; font-family: 'Open Sans', Helvetica, Arial, sans-serif; font-size: 16px; font-style: normal; font-variant-ligatures: normal; font-variant-caps: normal; font-weight: 300; letter-spacing: normal; orphans: 2; text-align: start; text-indent: 0px; text-transform: none; white-space: normal; widows: 2; word-spacing: 0px; -webkit-text-stroke-width: 0px; text-decoration-thickness: initial; text-decoration-style: initial; text-decoration-color: initial;\"><a href=\"https:\/\/photos.app.goo.gl\/1ZEiMCErCjbjjfRL7\" target=\"_blank\" rel=\"noopener\">AQU\u00cd<\/a><\/span>\u00a0Escola Abat Ruera.<\/p>\n<p style=\"text-align: center;\"><a href=\"https:\/\/agora.xtec.cat\/zer-pedrera\/wp-content\/uploads\/usu1473\/2023\/02\/astronomy-books-978x652-1.jpg\"><img loading=\"lazy\" decoding=\"async\" class=\"alignnone size-full wp-image-6539\" src=\"https:\/\/agora.xtec.cat\/zer-pedrera\/wp-content\/uploads\/usu1473\/2023\/02\/astronomy-books-978x652-1.jpg\" alt=\"\" width=\"627\" height=\"418\" srcset=\"https:\/\/agora.xtec.cat\/zer-pedrera\/wp-content\/uploads\/usu1473\/2023\/02\/astronomy-books-978x652-1.jpg 627w, https:\/\/agora.xtec.cat\/zer-pedrera\/wp-content\/uploads\/usu1473\/2023\/02\/astronomy-books-978x652-1-300x200.jpg 300w\" sizes=\"auto, (max-width: 627px) 100vw, 627px\" \/><\/a><\/p>\n<p>&nbsp;<\/p>\n","protected":false},"excerpt":{"rendered":"<p>Aquest divendres tot l&#8217;alumnat de la\u00a0ZER\u00a0ha gaudit d&#8217;un Taller d&#8217;Astronomia el qual ha constat de dues activitats.<br \/>\nActivitat 1. El telescopi i les constel\u00b7lacions. L&#8217;alumnat ha vist un telescopi i el seu funcionament, recordant la composici\u00f3 del sistema solar i descobrint com estudiaven el cel els&hellip;  <a href=\"https:\/\/agora.xtec.cat\/zer-pedrera\/portada\/zer-pedrera-taller-dastronomia\/\" title=\"Read ZER Pedrera. Taller d&#8217;Astronomia\">Llegeix m\u00e9s\u00bb<\/a><\/p>\n","protected":false},"author":1,"featured_media":6539,"comment_status":"open","ping_status":"closed","sticky":false,"template":"","format":"standard","meta":{"_bbp_topic_count":0,"_bbp_reply_count":0,"_bbp_total_topic_count":0,"_bbp_total_reply_count":0,"_bbp_voice_count":0,"_bbp_anonymous_reply_count":0,"_bbp_topic_count_hidden":0,"_bbp_reply_count_hidden":0,"_bbp_forum_subforum_count":0,"footnotes":""},"categories":[110,111,116,29,89,120],"tags":[],"class_list":["post-6537","post","type-post","status-publish","format-standard","has-post-thumbnail","hentry","category-escola-abat-ruera","category-escola-porcel-de-cervera","category-medi","category-portada","category-primaria","category-projectes"],"post_mailing_queue_ids":[],"_links":{"self":[{"href":"https:\/\/agora.xtec.cat\/zer-pedrera\/wp-json\/wp\/v2\/posts\/6537","targetHints":{"allow":["GET"]}}],"collection":[{"href":"https:\/\/agora.xtec.cat\/zer-pedrera\/wp-json\/wp\/v2\/posts"}],"about":[{"href":"https:\/\/agora.xtec.cat\/zer-pedrera\/wp-json\/wp\/v2\/types\/post"}],"author":[{"embeddable":true,"href":"https:\/\/agora.xtec.cat\/zer-pedrera\/wp-json\/wp\/v2\/users\/1"}],"replies":[{"embeddable":true,"href":"https:\/\/agora.xtec.cat\/zer-pedrera\/wp-json\/wp\/v2\/comments?post=6537"}],"version-history":[{"count":2,"href":"https:\/\/agora.xtec.cat\/zer-pedrera\/wp-json\/wp\/v2\/posts\/6537\/revisions"}],"predecessor-version":[{"id":6540,"href":"https:\/\/agora.xtec.cat\/zer-pedrera\/wp-json\/wp\/v2\/posts\/6537\/revisions\/6540"}],"wp:featuredmedia":[{"embeddable":true,"href":"https:\/\/agora.xtec.cat\/zer-pedrera\/wp-json\/wp\/v2\/media\/6539"}],"wp:attachment":[{"href":"https:\/\/agora.xtec.cat\/zer-pedrera\/wp-json\/wp\/v2\/media?parent=6537"}],"wp:term":[{"taxonomy":"category","embeddable":true,"href":"https:\/\/agora.xtec.cat\/zer-pedrera\/wp-json\/wp\/v2\/categories?post=6537"},{"taxonomy":"post_tag","embeddable":true,"href":"https:\/\/agora.xtec.cat\/zer-pedrera\/wp-json\/wp\/v2\/tags?post=6537"}],"curies":[{"name":"wp","href":"https:\/\/api.w.org\/{rel}","templated":true}]}}