{"id":6534,"date":"2023-02-06T10:14:07","date_gmt":"2023-02-06T09:14:07","guid":{"rendered":"https:\/\/agora.xtec.cat\/zer-pedrera\/?p=6534"},"modified":"2023-02-06T10:14:07","modified_gmt":"2023-02-06T09:14:07","slug":"escola-abat-ruea-afanoc","status":"publish","type":"post","link":"https:\/\/agora.xtec.cat\/zer-pedrera\/portada\/escola-abat-ruea-afanoc\/","title":{"rendered":"Escola Abat Ruea. AFANOC"},"content":{"rendered":"<p>Com cada curs escolar l&#8217;escola Abat Ruera col\u00b7labora amb l&#8217;AFANOC\u00a0(Associaci\u00f3 de Familiars i Amics de Nens Oncol\u00f2gics de Catalunya) que \u00e9s una entitat catalana sense \u00e0nim de lucre que treballa per tal de millorar la qualitat de vida dels nens i els joves amb diagn\u00f2stic de c\u00e0ncer i les seves fam\u00edlies.<br \/>\nEnguany hem col\u00b7laborat decorant unes ulleres. La foto amb el resultat final els hi hem enviat perqu\u00e8 la pengin\u00a0junt amb\u00a0les de molts altres\u00a0col\u00b7legis\u00a0que\u00a0hi ha\u00a0col\u00b7laborat.<\/p>\n<p>Si ho voleu veure i participar podeu anar al Tur\u00f3 de la Seu Vella de Lleida\u00a0el diumenge\u00a05 de mar\u00e7 de 2023 a la festa\u00a0<span class=\"hiddenGrammarError\">&#8220;<\/span>POSA&#8217;T LA GORRA!, a benefici d&#8217;AFANOC\u00a0Lleida.<\/p>\n<p style=\"text-align: center;\"><a href=\"https:\/\/agora.xtec.cat\/zer-pedrera\/wp-content\/uploads\/usu1473\/2023\/02\/1675205961659.jpg\"><img loading=\"lazy\" decoding=\"async\" class=\"alignnone size-full wp-image-6535\" src=\"https:\/\/agora.xtec.cat\/zer-pedrera\/wp-content\/uploads\/usu1473\/2023\/02\/1675205961659.jpg\" alt=\"\" width=\"699\" height=\"374\" srcset=\"https:\/\/agora.xtec.cat\/zer-pedrera\/wp-content\/uploads\/usu1473\/2023\/02\/1675205961659.jpg 699w, https:\/\/agora.xtec.cat\/zer-pedrera\/wp-content\/uploads\/usu1473\/2023\/02\/1675205961659-300x161.jpg 300w\" sizes=\"auto, (max-width: 699px) 100vw, 699px\" \/><\/a><\/p>\n","protected":false},"excerpt":{"rendered":"<p>Com cada curs escolar l&#8217;escola Abat Ruera col\u00b7labora amb l&#8217;AFANOC\u00a0(Associaci\u00f3 de Familiars i Amics de Nens Oncol\u00f2gics de Catalunya) que \u00e9s una entitat catalana sense \u00e0nim de lucre que treballa per tal de millorar la qualitat de vida dels nens i els joves amb diagn\u00f2stic&hellip;  <a href=\"https:\/\/agora.xtec.cat\/zer-pedrera\/portada\/escola-abat-ruea-afanoc\/\" title=\"Read Escola Abat Ruea. AFANOC\">Llegeix m\u00e9s\u00bb<\/a><\/p>\n","protected":false},"author":1,"featured_media":6535,"comment_status":"open","ping_status":"closed","sticky":false,"template":"","format":"standard","meta":{"_bbp_topic_count":0,"_bbp_reply_count":0,"_bbp_total_topic_count":0,"_bbp_total_reply_count":0,"_bbp_voice_count":0,"_bbp_anonymous_reply_count":0,"_bbp_topic_count_hidden":0,"_bbp_reply_count_hidden":0,"_bbp_forum_subforum_count":0,"footnotes":""},"categories":[113,145,110,29,89,120],"tags":[],"class_list":["post-6534","post","type-post","status-publish","format-standard","has-post-thumbnail","hentry","category-e-infantil","category-educacio-en-valors","category-escola-abat-ruera","category-portada","category-primaria","category-projectes"],"post_mailing_queue_ids":[],"_links":{"self":[{"href":"https:\/\/agora.xtec.cat\/zer-pedrera\/wp-json\/wp\/v2\/posts\/6534","targetHints":{"allow":["GET"]}}],"collection":[{"href":"https:\/\/agora.xtec.cat\/zer-pedrera\/wp-json\/wp\/v2\/posts"}],"about":[{"href":"https:\/\/agora.xtec.cat\/zer-pedrera\/wp-json\/wp\/v2\/types\/post"}],"author":[{"embeddable":true,"href":"https:\/\/agora.xtec.cat\/zer-pedrera\/wp-json\/wp\/v2\/users\/1"}],"replies":[{"embeddable":true,"href":"https:\/\/agora.xtec.cat\/zer-pedrera\/wp-json\/wp\/v2\/comments?post=6534"}],"version-history":[{"count":1,"href":"https:\/\/agora.xtec.cat\/zer-pedrera\/wp-json\/wp\/v2\/posts\/6534\/revisions"}],"predecessor-version":[{"id":6536,"href":"https:\/\/agora.xtec.cat\/zer-pedrera\/wp-json\/wp\/v2\/posts\/6534\/revisions\/6536"}],"wp:featuredmedia":[{"embeddable":true,"href":"https:\/\/agora.xtec.cat\/zer-pedrera\/wp-json\/wp\/v2\/media\/6535"}],"wp:attachment":[{"href":"https:\/\/agora.xtec.cat\/zer-pedrera\/wp-json\/wp\/v2\/media?parent=6534"}],"wp:term":[{"taxonomy":"category","embeddable":true,"href":"https:\/\/agora.xtec.cat\/zer-pedrera\/wp-json\/wp\/v2\/categories?post=6534"},{"taxonomy":"post_tag","embeddable":true,"href":"https:\/\/agora.xtec.cat\/zer-pedrera\/wp-json\/wp\/v2\/tags?post=6534"}],"curies":[{"name":"wp","href":"https:\/\/api.w.org\/{rel}","templated":true}]}}