{"id":6497,"date":"2023-02-03T12:54:26","date_gmt":"2023-02-03T11:54:26","guid":{"rendered":"https:\/\/agora.xtec.cat\/zer-pedrera\/?p=6497"},"modified":"2023-02-03T12:54:26","modified_gmt":"2023-02-03T11:54:26","slug":"el-dia-de-la-pau-a-lescola-porcel-de-cervera","status":"publish","type":"post","link":"https:\/\/agora.xtec.cat\/zer-pedrera\/general\/el-dia-de-la-pau-a-lescola-porcel-de-cervera\/","title":{"rendered":"El Dia de la Pau a l&#8217;escola Porcel de Cervera."},"content":{"rendered":"<p>Ahir dilluns, els nens i nenes de l&#8217;escola Porcel de Cervera vam celebrar el DENIP duent a terme un seguit d&#8217;activitats al llarg de tot el dia. Primerament, al mat\u00ed, cada nen i nena va realitzar un acr\u00f2stic a partir de les lletres del seu nom, utilitzant paraules boniques. Despr\u00e9s, vam explicar un conte que es titula &#8220;A cau d&#8217;orella&#8221; en el qual el seu protagonista, quan s&#8217;enfada, crida a tothom que hi ha al seu voltant, i que, a partir d&#8217;una conversa amb els seus pares, descobreix com calmar-se i dir les coses d&#8217;una altra manera quan sent enuig i frustraci\u00f3.<\/p>\n<p>A la tarda, tots els nens i nenes vam realitzar dues activitats, una de dramatitzaci\u00f3 i reflexi\u00f3, i una altra m\u00e9s l\u00fadico-esportiva. En la primera, distribu\u00efts en grups de tres, havien d&#8217;interpretar davant dels companys i companyes una situaci\u00f3 de conflicte habitual a l&#8217;aula. Cada situaci\u00f3 es podia resoldre utilitzant la comunicaci\u00f3 violenta o la comunicaci\u00f3 per la Pau. Un cop cada grup la representava, els companys i companyes deien de quina manera havia estat resolta i donaven la seva opini\u00f3.<\/p>\n<p>En la segona activitat vam jugar a dos jocs col\u00b7laboratius: el joc de les cadires i el de creuar el riu.<\/p>\n<p>Va ser un dia per reflexionar i per divertir-nos tots plegats.<\/p>\n<p>Si en voleu veure les fotografies, cliqueu en la imatge.<\/p>\n<p style=\"text-align: center;\"><a href=\"https:\/\/photos.app.goo.gl\/K5rdsaCPT42v8WWi6\"><img loading=\"lazy\" decoding=\"async\" class=\"alignnone wp-image-6514\" src=\"https:\/\/agora.xtec.cat\/zer-pedrera\/wp-content\/uploads\/usu1473\/2023\/01\/2.jpg\" alt=\"\" width=\"782\" height=\"440\" srcset=\"https:\/\/agora.xtec.cat\/zer-pedrera\/wp-content\/uploads\/usu1473\/2023\/01\/2.jpg 1000w, https:\/\/agora.xtec.cat\/zer-pedrera\/wp-content\/uploads\/usu1473\/2023\/01\/2-300x169.jpg 300w, https:\/\/agora.xtec.cat\/zer-pedrera\/wp-content\/uploads\/usu1473\/2023\/01\/2-768x432.jpg 768w\" sizes=\"auto, (max-width: 782px) 100vw, 782px\" \/><\/a><\/p>\n","protected":false},"excerpt":{"rendered":"<p>Ahir dilluns, els nens i nenes de l&#8217;escola Porcel de Cervera vam celebrar el DENIP duent a terme un seguit d&#8217;activitats al llarg de tot el dia. Primerament, al mat\u00ed, cada nen i nena va realitzar un acr\u00f2stic a partir de les lletres del seu&hellip;  <a href=\"https:\/\/agora.xtec.cat\/zer-pedrera\/general\/el-dia-de-la-pau-a-lescola-porcel-de-cervera\/\" title=\"Read El Dia de la Pau a l&#8217;escola Porcel de Cervera.\">Llegeix m\u00e9s\u00bb<\/a><\/p>\n","protected":false},"author":1,"featured_media":6514,"comment_status":"open","ping_status":"closed","sticky":false,"template":"","format":"standard","meta":{"_bbp_topic_count":0,"_bbp_reply_count":0,"_bbp_total_topic_count":0,"_bbp_total_reply_count":0,"_bbp_voice_count":0,"_bbp_anonymous_reply_count":0,"_bbp_topic_count_hidden":0,"_bbp_reply_count_hidden":0,"_bbp_forum_subforum_count":0,"footnotes":""},"categories":[113,111,1,29,89],"tags":[],"class_list":["post-6497","post","type-post","status-publish","format-standard","has-post-thumbnail","hentry","category-e-infantil","category-escola-porcel-de-cervera","category-general","category-portada","category-primaria"],"post_mailing_queue_ids":[],"_links":{"self":[{"href":"https:\/\/agora.xtec.cat\/zer-pedrera\/wp-json\/wp\/v2\/posts\/6497","targetHints":{"allow":["GET"]}}],"collection":[{"href":"https:\/\/agora.xtec.cat\/zer-pedrera\/wp-json\/wp\/v2\/posts"}],"about":[{"href":"https:\/\/agora.xtec.cat\/zer-pedrera\/wp-json\/wp\/v2\/types\/post"}],"author":[{"embeddable":true,"href":"https:\/\/agora.xtec.cat\/zer-pedrera\/wp-json\/wp\/v2\/users\/1"}],"replies":[{"embeddable":true,"href":"https:\/\/agora.xtec.cat\/zer-pedrera\/wp-json\/wp\/v2\/comments?post=6497"}],"version-history":[{"count":3,"href":"https:\/\/agora.xtec.cat\/zer-pedrera\/wp-json\/wp\/v2\/posts\/6497\/revisions"}],"predecessor-version":[{"id":6525,"href":"https:\/\/agora.xtec.cat\/zer-pedrera\/wp-json\/wp\/v2\/posts\/6497\/revisions\/6525"}],"wp:featuredmedia":[{"embeddable":true,"href":"https:\/\/agora.xtec.cat\/zer-pedrera\/wp-json\/wp\/v2\/media\/6514"}],"wp:attachment":[{"href":"https:\/\/agora.xtec.cat\/zer-pedrera\/wp-json\/wp\/v2\/media?parent=6497"}],"wp:term":[{"taxonomy":"category","embeddable":true,"href":"https:\/\/agora.xtec.cat\/zer-pedrera\/wp-json\/wp\/v2\/categories?post=6497"},{"taxonomy":"post_tag","embeddable":true,"href":"https:\/\/agora.xtec.cat\/zer-pedrera\/wp-json\/wp\/v2\/tags?post=6497"}],"curies":[{"name":"wp","href":"https:\/\/api.w.org\/{rel}","templated":true}]}}