{"id":6484,"date":"2023-01-30T22:01:48","date_gmt":"2023-01-30T21:01:48","guid":{"rendered":"https:\/\/agora.xtec.cat\/zer-pedrera\/?p=6484"},"modified":"2023-01-30T22:01:48","modified_gmt":"2023-01-30T21:01:48","slug":"escola-abat-ruera-dia-escolar-de-la-no-violencia-i-la-pau","status":"publish","type":"post","link":"https:\/\/agora.xtec.cat\/zer-pedrera\/general\/escola-abat-ruera-dia-escolar-de-la-no-violencia-i-la-pau\/","title":{"rendered":"Escola Abat Ruera. Dia Escolar de la No-viol\u00e8ncia i la Pau"},"content":{"rendered":"<p>Avui dia 30 de gener tota l&#8217;escola hem anat a la Sala Cultural per celebrar el Dia Escolar de la No-viol\u00e8ncia i la Pau. Primer els alumnes de 6\u00e8 han llegit un manifest. Tot seguit hem gaudit d&#8217;una can\u00e7\u00f3 que ens han preparat amb tot el seu amor l&#8217;alumnat d&#8217;Educaci\u00f3 Infantil.<br \/>\nA m\u00e9s de tot aix\u00f2 fa uns dies que des de l&#8217;\u00e0rea de Valors i Religi\u00f3 s&#8217;est\u00e0 elaborant un mural.<br \/>\nPer gaudir de m\u00e9s imatges clicar damunt de la fotografia.<\/p>\n<p style=\"text-align: center;\"><a href=\"https:\/\/photos.app.goo.gl\/FR2WtBGKZBCvzYJV8\" target=\"_blank\" rel=\"noopener\"><img loading=\"lazy\" decoding=\"async\" class=\"alignnone size-full wp-image-6485\" src=\"https:\/\/agora.xtec.cat\/zer-pedrera\/wp-content\/uploads\/usu1473\/2023\/01\/1675106953898.jpg\" alt=\"\" width=\"492\" height=\"330\" srcset=\"https:\/\/agora.xtec.cat\/zer-pedrera\/wp-content\/uploads\/usu1473\/2023\/01\/1675106953898.jpg 492w, https:\/\/agora.xtec.cat\/zer-pedrera\/wp-content\/uploads\/usu1473\/2023\/01\/1675106953898-300x201.jpg 300w\" sizes=\"auto, (max-width: 492px) 100vw, 492px\" \/><\/a><\/p>\n","protected":false},"excerpt":{"rendered":"<p>Avui dia 30 de gener tota l&#8217;escola hem anat a la Sala Cultural per celebrar el Dia Escolar de la No-viol\u00e8ncia i la Pau. Primer els alumnes de 6\u00e8 han llegit un manifest. Tot seguit hem gaudit d&#8217;una can\u00e7\u00f3 que ens han preparat amb tot&hellip;  <a href=\"https:\/\/agora.xtec.cat\/zer-pedrera\/general\/escola-abat-ruera-dia-escolar-de-la-no-violencia-i-la-pau\/\" title=\"Read Escola Abat Ruera. Dia Escolar de la No-viol\u00e8ncia i la Pau\">Llegeix m\u00e9s\u00bb<\/a><\/p>\n","protected":false},"author":1,"featured_media":6485,"comment_status":"open","ping_status":"closed","sticky":false,"template":"","format":"standard","meta":{"_bbp_topic_count":0,"_bbp_reply_count":0,"_bbp_total_topic_count":0,"_bbp_total_reply_count":0,"_bbp_voice_count":0,"_bbp_anonymous_reply_count":0,"_bbp_topic_count_hidden":0,"_bbp_reply_count_hidden":0,"_bbp_forum_subforum_count":0,"footnotes":""},"categories":[113,145,110,1,29,89],"tags":[],"class_list":["post-6484","post","type-post","status-publish","format-standard","has-post-thumbnail","hentry","category-e-infantil","category-educacio-en-valors","category-escola-abat-ruera","category-general","category-portada","category-primaria"],"post_mailing_queue_ids":[],"_links":{"self":[{"href":"https:\/\/agora.xtec.cat\/zer-pedrera\/wp-json\/wp\/v2\/posts\/6484","targetHints":{"allow":["GET"]}}],"collection":[{"href":"https:\/\/agora.xtec.cat\/zer-pedrera\/wp-json\/wp\/v2\/posts"}],"about":[{"href":"https:\/\/agora.xtec.cat\/zer-pedrera\/wp-json\/wp\/v2\/types\/post"}],"author":[{"embeddable":true,"href":"https:\/\/agora.xtec.cat\/zer-pedrera\/wp-json\/wp\/v2\/users\/1"}],"replies":[{"embeddable":true,"href":"https:\/\/agora.xtec.cat\/zer-pedrera\/wp-json\/wp\/v2\/comments?post=6484"}],"version-history":[{"count":1,"href":"https:\/\/agora.xtec.cat\/zer-pedrera\/wp-json\/wp\/v2\/posts\/6484\/revisions"}],"predecessor-version":[{"id":6486,"href":"https:\/\/agora.xtec.cat\/zer-pedrera\/wp-json\/wp\/v2\/posts\/6484\/revisions\/6486"}],"wp:featuredmedia":[{"embeddable":true,"href":"https:\/\/agora.xtec.cat\/zer-pedrera\/wp-json\/wp\/v2\/media\/6485"}],"wp:attachment":[{"href":"https:\/\/agora.xtec.cat\/zer-pedrera\/wp-json\/wp\/v2\/media?parent=6484"}],"wp:term":[{"taxonomy":"category","embeddable":true,"href":"https:\/\/agora.xtec.cat\/zer-pedrera\/wp-json\/wp\/v2\/categories?post=6484"},{"taxonomy":"post_tag","embeddable":true,"href":"https:\/\/agora.xtec.cat\/zer-pedrera\/wp-json\/wp\/v2\/tags?post=6484"}],"curies":[{"name":"wp","href":"https:\/\/api.w.org\/{rel}","templated":true}]}}