{"id":6453,"date":"2023-01-18T16:44:45","date_gmt":"2023-01-18T15:44:45","guid":{"rendered":"https:\/\/agora.xtec.cat\/zer-pedrera\/?p=6453"},"modified":"2023-01-18T16:49:04","modified_gmt":"2023-01-18T15:49:04","slug":"avui-es-laniversari-de-la-isona-ei-escola-porcel-de-cervera","status":"publish","type":"post","link":"https:\/\/agora.xtec.cat\/zer-pedrera\/aniversaris\/avui-es-laniversari-de-la-isona-ei-escola-porcel-de-cervera\/","title":{"rendered":"Avui \u00e9s l&#8217;aniversari de la Isona!!!!"},"content":{"rendered":"<p>Avui la Isona de la classe dels petits fa 6 anys!!!! Ha estat s\u00faper contenta durant tot el dia i els seus companys i companyes tamb\u00e9, ja que els ha regalat uns dracs voladors xul\u00edssims!!!!<\/p>\n<p>Tamb\u00e9 ens ha regalat un llibre a cada classe i ens han agradat molt a tots i totes!!!!<\/p>\n<p>Moltes gr\u00e0cies Isona i fam\u00edlia!!!!<\/p>\n<p>Podreu veure altres fotografies si cliqueu a la imatge.<\/p>\n<p style=\"text-align: center;\"><a href=\"https:\/\/photos.app.goo.gl\/jEnjthZ6WHzJ8fR96\"><img loading=\"lazy\" decoding=\"async\" class=\"alignnone size-full wp-image-6454\" src=\"https:\/\/agora.xtec.cat\/zer-pedrera\/wp-content\/uploads\/usu1473\/2023\/01\/1-3.jpg\" alt=\"\" width=\"282\" height=\"500\" srcset=\"https:\/\/agora.xtec.cat\/zer-pedrera\/wp-content\/uploads\/usu1473\/2023\/01\/1-3.jpg 282w, https:\/\/agora.xtec.cat\/zer-pedrera\/wp-content\/uploads\/usu1473\/2023\/01\/1-3-169x300.jpg 169w\" sizes=\"auto, (max-width: 282px) 100vw, 282px\" \/><\/a><\/p>\n","protected":false},"excerpt":{"rendered":"<p>Avui la Isona de la classe dels petits fa 6 anys!!!! Ha estat s\u00faper contenta durant tot el dia i els seus companys i companyes tamb\u00e9, ja que els ha regalat uns dracs voladors xul\u00edssims!!!!<br \/>\nTamb\u00e9 ens ha regalat un llibre a cada classe i ens&hellip;  <a href=\"https:\/\/agora.xtec.cat\/zer-pedrera\/aniversaris\/avui-es-laniversari-de-la-isona-ei-escola-porcel-de-cervera\/\" title=\"Read Avui \u00e9s l&#8217;aniversari de la Isona!!!!\">Llegeix m\u00e9s\u00bb<\/a><\/p>\n","protected":false},"author":1,"featured_media":6454,"comment_status":"open","ping_status":"closed","sticky":false,"template":"","format":"standard","meta":{"_bbp_topic_count":0,"_bbp_reply_count":0,"_bbp_total_topic_count":0,"_bbp_total_reply_count":0,"_bbp_voice_count":0,"_bbp_anonymous_reply_count":0,"_bbp_topic_count_hidden":0,"_bbp_reply_count_hidden":0,"_bbp_forum_subforum_count":0,"footnotes":""},"categories":[146],"tags":[],"class_list":["post-6453","post","type-post","status-publish","format-standard","has-post-thumbnail","hentry","category-aniversaris"],"post_mailing_queue_ids":[],"_links":{"self":[{"href":"https:\/\/agora.xtec.cat\/zer-pedrera\/wp-json\/wp\/v2\/posts\/6453","targetHints":{"allow":["GET"]}}],"collection":[{"href":"https:\/\/agora.xtec.cat\/zer-pedrera\/wp-json\/wp\/v2\/posts"}],"about":[{"href":"https:\/\/agora.xtec.cat\/zer-pedrera\/wp-json\/wp\/v2\/types\/post"}],"author":[{"embeddable":true,"href":"https:\/\/agora.xtec.cat\/zer-pedrera\/wp-json\/wp\/v2\/users\/1"}],"replies":[{"embeddable":true,"href":"https:\/\/agora.xtec.cat\/zer-pedrera\/wp-json\/wp\/v2\/comments?post=6453"}],"version-history":[{"count":3,"href":"https:\/\/agora.xtec.cat\/zer-pedrera\/wp-json\/wp\/v2\/posts\/6453\/revisions"}],"predecessor-version":[{"id":6457,"href":"https:\/\/agora.xtec.cat\/zer-pedrera\/wp-json\/wp\/v2\/posts\/6453\/revisions\/6457"}],"wp:featuredmedia":[{"embeddable":true,"href":"https:\/\/agora.xtec.cat\/zer-pedrera\/wp-json\/wp\/v2\/media\/6454"}],"wp:attachment":[{"href":"https:\/\/agora.xtec.cat\/zer-pedrera\/wp-json\/wp\/v2\/media?parent=6453"}],"wp:term":[{"taxonomy":"category","embeddable":true,"href":"https:\/\/agora.xtec.cat\/zer-pedrera\/wp-json\/wp\/v2\/categories?post=6453"},{"taxonomy":"post_tag","embeddable":true,"href":"https:\/\/agora.xtec.cat\/zer-pedrera\/wp-json\/wp\/v2\/tags?post=6453"}],"curies":[{"name":"wp","href":"https:\/\/api.w.org\/{rel}","templated":true}]}}